{"id":11354,"date":"2023-04-13T20:43:06","date_gmt":"2023-04-13T18:43:06","guid":{"rendered":"https:\/\/schubladenerinnerungen.de\/blog\/?p=11354"},"modified":"2023-04-14T06:13:06","modified_gmt":"2023-04-14T04:13:06","slug":"von-stmartin-auf-die-kalmit","status":"publish","type":"post","link":"https:\/\/schubladenerinnerungen.de\/blog\/2023\/04\/13\/von-stmartin-auf-die-kalmit\/","title":{"rendered":"Von St. Martin auf die Kalmit"},"content":{"rendered":"\n<p class=\"wp-block-paragraph\">Am Ostermontag machten wir eine kleine Rundwanderung im Pf\u00e4lzerwald. Vom netten St. Martin ging es relativ steil hoch zum Gipfel. Zur Kalmit. Dort gab es bei der Ludwigshafener H\u00fctte leckere K\u00fchlgetr\u00e4nke, und einen sch\u00f6nen Blick in die Rheinebene.<\/p>\n\n\n\n<p class=\"wp-block-paragraph\">Danach ging es weiter zum beeindruckenden Felsenmeer, an dessen Ende die kleine H\u00fcttenberg-H\u00fctte steht. Eine kleine Schutzh\u00fctte.<\/p>\n\n\n\n<p class=\"wp-block-paragraph\">An der ging es dann stetig abw\u00e4rts, durch traumhaften Wald zur\u00fcck nach St. Martin.<\/p>\n\n\n\n<div style=\"height:50px\" aria-hidden=\"true\" class=\"wp-block-spacer\"><\/div>\n\n\n\n<figure class=\"wp-block-image size-large\"><a href=\"https:\/\/schubladenerinnerungen.de\/stapel\/_data\/i\/galleries\/von_st_martin_auf_die_kalmit\/2023-04-10__11-35-24-me.jpeg\"><img decoding=\"async\" src=\"https:\/\/schubladenerinnerungen.de\/stapel\/_data\/i\/galleries\/von_st_martin_auf_die_kalmit\/2023-04-10__11-35-24-me.jpeg\" alt=\"\"><\/a><\/figure>\n\n\n\n<div style=\"height:25px\" aria-hidden=\"true\" class=\"wp-block-spacer\"><\/div>\n\n\n\n<figure class=\"wp-block-image size-large is-resized\"><a href=\"https:\/\/schubladenerinnerungen.de\/stapel\/_data\/i\/galleries\/von_st_martin_auf_die_kalmit\/2023-04-10__11-50-02-me.jpeg\"><img decoding=\"async\" src=\"https:\/\/schubladenerinnerungen.de\/stapel\/_data\/i\/galleries\/von_st_martin_auf_die_kalmit\/2023-04-10__11-50-02-me.jpeg\" alt=\"\" width=\"840\"><\/a><\/figure>\n\n\n\n<div style=\"height:25px\" aria-hidden=\"true\" class=\"wp-block-spacer\"><\/div>\n\n\n\n<figure class=\"wp-block-image size-large\"><a href=\"https:\/\/schubladenerinnerungen.de\/stapel\/_data\/i\/galleries\/von_st_martin_auf_die_kalmit\/2023-04-10__11-52-59-me.jpeg\"><img decoding=\"async\" src=\"https:\/\/schubladenerinnerungen.de\/stapel\/_data\/i\/galleries\/von_st_martin_auf_die_kalmit\/2023-04-10__11-52-59-me.jpeg\" alt=\"\"><\/a><\/figure>\n\n\n\n<div style=\"height:25px\" aria-hidden=\"true\" class=\"wp-block-spacer\"><\/div>\n\n\n\n<figure class=\"wp-block-image size-large\"><a href=\"https:\/\/schubladenerinnerungen.de\/stapel\/_data\/i\/galleries\/von_st_martin_auf_die_kalmit\/2023-04-10__12-15-18-me.jpeg\"><img decoding=\"async\" src=\"https:\/\/schubladenerinnerungen.de\/stapel\/_data\/i\/galleries\/von_st_martin_auf_die_kalmit\/2023-04-10__12-15-18-me.jpeg\" alt=\"\"><\/a><\/figure>\n\n\n\n<div style=\"height:25px\" aria-hidden=\"true\" class=\"wp-block-spacer\"><\/div>\n\n\n\n<figure class=\"wp-block-image size-large\"><a href=\"https:\/\/schubladenerinnerungen.de\/stapel\/_data\/i\/galleries\/von_st_martin_auf_die_kalmit\/2023-04-10__13-00-05-me.jpeg\"><img decoding=\"async\" src=\"https:\/\/schubladenerinnerungen.de\/stapel\/_data\/i\/galleries\/von_st_martin_auf_die_kalmit\/2023-04-10__13-00-05-me.jpeg\" alt=\"\"><\/a><\/figure>\n\n\n\n<div style=\"height:25px\" aria-hidden=\"true\" class=\"wp-block-spacer\"><\/div>\n\n\n\n<figure class=\"wp-block-image size-large\"><a href=\"https:\/\/schubladenerinnerungen.de\/stapel\/_data\/i\/galleries\/von_st_martin_auf_die_kalmit\/2023-04-10__13-21-35-me.jpeg\"><img decoding=\"async\" src=\"https:\/\/schubladenerinnerungen.de\/stapel\/_data\/i\/galleries\/von_st_martin_auf_die_kalmit\/2023-04-10__13-21-35-me.jpeg\" alt=\"\"><\/a><\/figure>\n\n\n\n<div style=\"height:25px\" aria-hidden=\"true\" class=\"wp-block-spacer\"><\/div>\n\n\n\n<figure class=\"wp-block-image size-large is-resized\"><a href=\"https:\/\/schubladenerinnerungen.de\/stapel\/_data\/i\/galleries\/von_st_martin_auf_die_kalmit\/2023-04-10__13-23-22-me.jpeg\"><img decoding=\"async\" src=\"https:\/\/schubladenerinnerungen.de\/stapel\/_data\/i\/galleries\/von_st_martin_auf_die_kalmit\/2023-04-10__13-23-22-me.jpeg\" alt=\"\" width=\"840\"><\/a><\/figure>\n\n\n\n<div style=\"height:25px\" aria-hidden=\"true\" class=\"wp-block-spacer\"><\/div>\n\n\n\n<figure class=\"wp-block-image size-large\"><a href=\"https:\/\/schubladenerinnerungen.de\/stapel\/_data\/i\/galleries\/von_st_martin_auf_die_kalmit\/2023-04-10__13-25-33-me.jpeg\"><img decoding=\"async\" src=\"https:\/\/schubladenerinnerungen.de\/stapel\/_data\/i\/galleries\/von_st_martin_auf_die_kalmit\/2023-04-10__13-25-33-me.jpeg\" alt=\"\"><\/a><\/figure>\n\n\n\n<div style=\"height:25px\" aria-hidden=\"true\" class=\"wp-block-spacer\"><\/div>\n\n\n\n<figure class=\"wp-block-image size-large\"><a href=\"https:\/\/schubladenerinnerungen.de\/stapel\/_data\/i\/galleries\/von_st_martin_auf_die_kalmit\/2023-04-10__13-25-42-me.jpeg\"><img decoding=\"async\" src=\"https:\/\/schubladenerinnerungen.de\/stapel\/_data\/i\/galleries\/von_st_martin_auf_die_kalmit\/2023-04-10__13-25-42-me.jpeg\" alt=\"\"><\/a><\/figure>\n\n\n\n<div style=\"height:25px\" aria-hidden=\"true\" class=\"wp-block-spacer\"><\/div>\n\n\n\n<figure class=\"wp-block-image size-large is-resized\"><a href=\"https:\/\/schubladenerinnerungen.de\/stapel\/_data\/i\/galleries\/von_st_martin_auf_die_kalmit\/2023-04-10__13-26-14-me.jpeg\"><img decoding=\"async\" src=\"https:\/\/schubladenerinnerungen.de\/stapel\/_data\/i\/galleries\/von_st_martin_auf_die_kalmit\/2023-04-10__13-26-14-me.jpeg\" alt=\"\" width=\"840\"><\/a><\/figure>\n\n\n\n<div style=\"height:25px\" aria-hidden=\"true\" class=\"wp-block-spacer\"><\/div>\n\n\n\n<figure class=\"wp-block-image size-large\"><a href=\"https:\/\/schubladenerinnerungen.de\/stapel\/_data\/i\/galleries\/von_st_martin_auf_die_kalmit\/2023-04-10__13-35-16-me.jpeg\"><img decoding=\"async\" src=\"https:\/\/schubladenerinnerungen.de\/stapel\/_data\/i\/galleries\/von_st_martin_auf_die_kalmit\/2023-04-10__13-35-16-me.jpeg\" alt=\"\"><\/a><\/figure>\n\n\n\n<div style=\"height:25px\" aria-hidden=\"true\" class=\"wp-block-spacer\"><\/div>\n\n\n\n<figure class=\"wp-block-image size-large is-resized\"><a href=\"https:\/\/schubladenerinnerungen.de\/stapel\/_data\/i\/galleries\/von_st_martin_auf_die_kalmit\/2023-04-10__13-35-56-me.jpeg\"><img decoding=\"async\" src=\"https:\/\/schubladenerinnerungen.de\/stapel\/_data\/i\/galleries\/von_st_martin_auf_die_kalmit\/2023-04-10__13-35-56-me.jpeg\" alt=\"\" width=\"840\"><\/a><\/figure>\n\n\n\n<div style=\"height:25px\" aria-hidden=\"true\" class=\"wp-block-spacer\"><\/div>\n\n\n\n<figure class=\"wp-block-image size-large is-resized\"><a href=\"https:\/\/schubladenerinnerungen.de\/stapel\/_data\/i\/galleries\/von_st_martin_auf_die_kalmit\/2023-04-10__13-36-56-me.jpeg\"><img decoding=\"async\" src=\"https:\/\/schubladenerinnerungen.de\/stapel\/_data\/i\/galleries\/von_st_martin_auf_die_kalmit\/2023-04-10__13-36-56-me.jpeg\" alt=\"\" width=\"840\"><\/a><\/figure>\n\n\n\n<div style=\"height:25px\" aria-hidden=\"true\" class=\"wp-block-spacer\"><\/div>\n\n\n\n<figure class=\"wp-block-image size-large\"><a href=\"https:\/\/schubladenerinnerungen.de\/stapel\/_data\/i\/galleries\/von_st_martin_auf_die_kalmit\/2023-04-10__13-37-22-me.jpeg\"><img decoding=\"async\" src=\"https:\/\/schubladenerinnerungen.de\/stapel\/_data\/i\/galleries\/von_st_martin_auf_die_kalmit\/2023-04-10__13-37-22-me.jpeg\" alt=\"\"><\/a><\/figure>\n\n\n\n<div style=\"height:25px\" aria-hidden=\"true\" class=\"wp-block-spacer\"><\/div>\n\n\n\n<figure class=\"wp-block-image size-large\"><a href=\"https:\/\/schubladenerinnerungen.de\/stapel\/_data\/i\/galleries\/von_st_martin_auf_die_kalmit\/2023-04-10__14-11-24-me.jpeg\"><img decoding=\"async\" src=\"https:\/\/schubladenerinnerungen.de\/stapel\/_data\/i\/galleries\/von_st_martin_auf_die_kalmit\/2023-04-10__14-11-24-me.jpeg\" alt=\"\"><\/a><\/figure>\n\n\n\n<div style=\"height:25px\" aria-hidden=\"true\" class=\"wp-block-spacer\"><\/div>\n\n\n\n<figure class=\"wp-block-image size-large\"><a href=\"https:\/\/schubladenerinnerungen.de\/stapel\/_data\/i\/galleries\/von_st_martin_auf_die_kalmit\/2023-04-10__14-11-50-me.jpeg\"><img decoding=\"async\" src=\"https:\/\/schubladenerinnerungen.de\/stapel\/_data\/i\/galleries\/von_st_martin_auf_die_kalmit\/2023-04-10__14-11-50-me.jpeg\" alt=\"\"><\/a><\/figure>\n\n\n\n<div style=\"height:25px\" aria-hidden=\"true\" class=\"wp-block-spacer\"><\/div>\n\n\n\n<figure class=\"wp-block-image size-large is-resized\"><a href=\"https:\/\/schubladenerinnerungen.de\/stapel\/_data\/i\/galleries\/von_st_martin_auf_die_kalmit\/2023-04-10__14-13-06-me.jpeg\"><img decoding=\"async\" src=\"https:\/\/schubladenerinnerungen.de\/stapel\/_data\/i\/galleries\/von_st_martin_auf_die_kalmit\/2023-04-10__14-13-06-me.jpeg\" alt=\"\" width=\"840\"><\/a><\/figure>\n\n\n\n<div style=\"height:25px\" aria-hidden=\"true\" class=\"wp-block-spacer\"><\/div>\n\n\n\n<figure class=\"wp-block-image size-large\"><a href=\"https:\/\/schubladenerinnerungen.de\/stapel\/_data\/i\/galleries\/von_st_martin_auf_die_kalmit\/2023-04-10__14-16-55-me.jpeg\"><img decoding=\"async\" src=\"https:\/\/schubladenerinnerungen.de\/stapel\/_data\/i\/galleries\/von_st_martin_auf_die_kalmit\/2023-04-10__14-16-55-me.jpeg\" alt=\"\"><\/a><\/figure>\n\n\n\n<div style=\"height:25px\" aria-hidden=\"true\" class=\"wp-block-spacer\"><\/div>\n\n\n\n<figure class=\"wp-block-image size-large is-resized\"><a href=\"https:\/\/schubladenerinnerungen.de\/stapel\/_data\/i\/galleries\/von_st_martin_auf_die_kalmit\/2023-04-10__14-17-51-me.jpeg\"><img decoding=\"async\" src=\"https:\/\/schubladenerinnerungen.de\/stapel\/_data\/i\/galleries\/von_st_martin_auf_die_kalmit\/2023-04-10__14-17-51-me.jpeg\" alt=\"\" width=\"840\"><\/a><\/figure>\n\n\n\n<div style=\"height:25px\" aria-hidden=\"true\" class=\"wp-block-spacer\"><\/div>\n\n\n\n<figure class=\"wp-block-image size-large is-resized\"><a href=\"https:\/\/schubladenerinnerungen.de\/stapel\/_data\/i\/galleries\/von_st_martin_auf_die_kalmit\/2023-04-10__14-20-24-me.jpeg\"><img decoding=\"async\" src=\"https:\/\/schubladenerinnerungen.de\/stapel\/_data\/i\/galleries\/von_st_martin_auf_die_kalmit\/2023-04-10__14-20-24-me.jpeg\" alt=\"\" width=\"840\"><\/a><\/figure>\n\n\n\n<div style=\"height:25px\" aria-hidden=\"true\" class=\"wp-block-spacer\"><\/div>\n\n\n\n<figure class=\"wp-block-image size-large\"><a href=\"https:\/\/schubladenerinnerungen.de\/stapel\/_data\/i\/galleries\/von_st_martin_auf_die_kalmit\/2023-04-10__14-25-48-me.jpeg\"><img decoding=\"async\" src=\"https:\/\/schubladenerinnerungen.de\/stapel\/_data\/i\/galleries\/von_st_martin_auf_die_kalmit\/2023-04-10__14-25-48-me.jpeg\" alt=\"\"><\/a><\/figure>\n\n\n\n<div style=\"height:25px\" aria-hidden=\"true\" class=\"wp-block-spacer\"><\/div>\n\n\n\n<figure class=\"wp-block-image size-large is-resized\"><a href=\"https:\/\/schubladenerinnerungen.de\/stapel\/_data\/i\/galleries\/von_st_martin_auf_die_kalmit\/2023-04-10__14-42-38-me.jpeg\"><img decoding=\"async\" src=\"https:\/\/schubladenerinnerungen.de\/stapel\/_data\/i\/galleries\/von_st_martin_auf_die_kalmit\/2023-04-10__14-42-38-me.jpeg\" alt=\"\" width=\"840\"><\/a><\/figure>\n\n\n\n<div style=\"height:25px\" aria-hidden=\"true\" class=\"wp-block-spacer\"><\/div>\n\n\n\n<figure class=\"wp-block-image size-large is-resized\"><a href=\"https:\/\/schubladenerinnerungen.de\/stapel\/_data\/i\/galleries\/von_st_martin_auf_die_kalmit\/2023-04-10__14-49-26-me.jpeg\"><img decoding=\"async\" src=\"https:\/\/schubladenerinnerungen.de\/stapel\/_data\/i\/galleries\/von_st_martin_auf_die_kalmit\/2023-04-10__14-49-26-me.jpeg\" alt=\"\" width=\"840\"><\/a><\/figure>\n\n\n\n<div style=\"height:25px\" aria-hidden=\"true\" class=\"wp-block-spacer\"><\/div>\n\n\n\n<figure class=\"wp-block-image size-large is-resized\"><a href=\"https:\/\/schubladenerinnerungen.de\/stapel\/_data\/i\/galleries\/von_st_martin_auf_die_kalmit\/2023-04-10__14-58-31-me.jpeg\"><img decoding=\"async\" src=\"https:\/\/schubladenerinnerungen.de\/stapel\/_data\/i\/galleries\/von_st_martin_auf_die_kalmit\/2023-04-10__14-58-31-me.jpeg\" alt=\"\" width=\"840\"><\/a><\/figure>\n\n\n\n<div style=\"height:25px\" aria-hidden=\"true\" class=\"wp-block-spacer\"><\/div>\n\n\n\n<figure class=\"wp-block-image size-large is-resized\"><a href=\"https:\/\/schubladenerinnerungen.de\/stapel\/_data\/i\/galleries\/von_st_martin_auf_die_kalmit\/2023-04-10__15-35-04-me.jpeg\"><img decoding=\"async\" src=\"https:\/\/schubladenerinnerungen.de\/stapel\/_data\/i\/galleries\/von_st_martin_auf_die_kalmit\/2023-04-10__15-35-04-me.jpeg\" alt=\"\" width=\"840\"><\/a><\/figure>\n\n\n\n<div style=\"height:25px\" aria-hidden=\"true\" class=\"wp-block-spacer\"><\/div>\n\n\n\n<figure class=\"wp-block-image size-large\"><a href=\"https:\/\/schubladenerinnerungen.de\/stapel\/_data\/i\/galleries\/von_st_martin_auf_die_kalmit\/2023-04-10__15-48-56-me.jpeg\"><img decoding=\"async\" src=\"https:\/\/schubladenerinnerungen.de\/stapel\/_data\/i\/galleries\/von_st_martin_auf_die_kalmit\/2023-04-10__15-48-56-me.jpeg\" alt=\"\"><\/a><\/figure>\n\n\n\n<div style=\"height:25px\" aria-hidden=\"true\" class=\"wp-block-spacer\"><\/div>\n\n\n\n<figure class=\"wp-block-image size-large is-resized\"><a href=\"https:\/\/schubladenerinnerungen.de\/stapel\/_data\/i\/galleries\/von_st_martin_auf_die_kalmit\/2023-04-10__15-49-16-me.jpeg\"><img decoding=\"async\" src=\"https:\/\/schubladenerinnerungen.de\/stapel\/_data\/i\/galleries\/von_st_martin_auf_die_kalmit\/2023-04-10__15-49-16-me.jpeg\" alt=\"\" width=\"840\"><\/a><\/figure>\n\n\n\n<div style=\"height:25px\" aria-hidden=\"true\" class=\"wp-block-spacer\"><\/div>\n\n\n\n<p class=\"wp-block-paragraph\">Alle Bilder, wirklich alle, gibt es <a href=\"https:\/\/schubladenerinnerungen.de\/stapel\/index.php?\/category\/stmartin_kalmit\" data-type=\"URL\" data-id=\"https:\/\/schubladenerinnerungen.de\/stapel\/index.php?\/category\/stmartin_kalmit#&amp;gid=1&amp;pid=1\" target=\"_blank\" rel=\"noreferrer noopener\">hier<\/a> zu sehen. R\u00fcckw\u00e4rts &#8230; am besten auf das kleine Play-Icon klicken, um die Dia-Schau zu starten.<\/p>\n\n\n\n<div style=\"height:25px\" aria-hidden=\"true\" class=\"wp-block-spacer\"><\/div>\n\n\n\n<figure class=\"wp-block-image size-large\"><a href=\"https:\/\/schubladenerinnerungen.de\/blog\/wp-content\/uploads\/2023\/04\/Kalmit.jpg\"><img loading=\"lazy\" decoding=\"async\" width=\"1024\" height=\"604\" src=\"https:\/\/schubladenerinnerungen.de\/blog\/wp-content\/uploads\/2023\/04\/Kalmit-1024x604.jpg\" alt=\"\" class=\"wp-image-11364\" srcset=\"https:\/\/schubladenerinnerungen.de\/blog\/wp-content\/uploads\/2023\/04\/Kalmit-1024x604.jpg 1024w, https:\/\/schubladenerinnerungen.de\/blog\/wp-content\/uploads\/2023\/04\/Kalmit-300x177.jpg 300w, https:\/\/schubladenerinnerungen.de\/blog\/wp-content\/uploads\/2023\/04\/Kalmit-768x453.jpg 768w, https:\/\/schubladenerinnerungen.de\/blog\/wp-content\/uploads\/2023\/04\/Kalmit-400x236.jpg 400w, https:\/\/schubladenerinnerungen.de\/blog\/wp-content\/uploads\/2023\/04\/Kalmit.jpg 1130w\" sizes=\"auto, (max-width: 1024px) 100vw, 1024px\" \/><\/a><\/figure>\n\n\n\n<div style=\"height:10px\" aria-hidden=\"true\" class=\"wp-block-spacer\"><\/div>\n\n\n\n<p class=\"wp-block-paragraph\">Weite: 10,8 km \u2013 Dauer 3:01 \u2013 H\u00f6he: 591 m.<\/p>\n\n\n\n<div style=\"height:75px\" aria-hidden=\"true\" class=\"wp-block-spacer\"><\/div>\n","protected":false},"excerpt":{"rendered":"<p>Am Ostermontag machten wir eine kleine Rundwanderung im Pf\u00e4lzerwald. Vom netten St. Martin ging es relativ steil hoch zum Gipfel. Zur Kalmit. Dort gab es bei der Ludwigshafener H\u00fctte leckere K\u00fchlgetr\u00e4nke, und einen sch\u00f6nen Blick in die Rheinebene. Danach ging es weiter zum beeindruckenden Felsenmeer, an dessen Ende die kleine H\u00fcttenberg-H\u00fctte steht. Eine kleine Schutzh\u00fctte. [&hellip;]<\/p>\n","protected":false},"author":1,"featured_media":11357,"comment_status":"open","ping_status":"open","sticky":false,"template":"","format":"standard","meta":{"ngg_post_thumbnail":0,"pgc_sgb_lightbox_settings":"","activitypub_content_warning":"","activitypub_content_visibility":"","activitypub_max_image_attachments":3,"activitypub_interaction_policy_quote":"anyone","activitypub_status":"","footnotes":"","_share_on_mastodon":"1"},"categories":[789],"tags":[76,3727,1359,1610,3718,3721,3720,3719,3726,3723,3725,3722,74],"class_list":["post-11354","post","type-post","status-publish","format-standard","has-post-thumbnail","hentry","category-spazieren-wandern","tag-baeume","tag-eidechsen","tag-felsen","tag-felsenmeer","tag-kalmit","tag-kalmitstrasse","tag-pfalz","tag-pfaelzer-wald","tag-rheinebene","tag-sender","tag-sender-kalmit","tag-st-martin","tag-wald"],"share_on_mastodon":{"url":"https:\/\/mastodon.social\/@Dadanaut\/110192976828577324","error":""},"featured_image_src":"https:\/\/schubladenerinnerungen.de\/blog\/wp-content\/uploads\/2023\/04\/2023-04-10__12-59-58-me.jpeg","author_info":{"display_name":"Dinkster","author_link":"https:\/\/schubladenerinnerungen.de\/blog\/author\/dinkster\/"},"_links":{"self":[{"href":"https:\/\/schubladenerinnerungen.de\/blog\/wp-json\/wp\/v2\/posts\/11354","targetHints":{"allow":["GET"]}}],"collection":[{"href":"https:\/\/schubladenerinnerungen.de\/blog\/wp-json\/wp\/v2\/posts"}],"about":[{"href":"https:\/\/schubladenerinnerungen.de\/blog\/wp-json\/wp\/v2\/types\/post"}],"author":[{"embeddable":true,"href":"https:\/\/schubladenerinnerungen.de\/blog\/wp-json\/wp\/v2\/users\/1"}],"replies":[{"embeddable":true,"href":"https:\/\/schubladenerinnerungen.de\/blog\/wp-json\/wp\/v2\/comments?post=11354"}],"version-history":[{"count":28,"href":"https:\/\/schubladenerinnerungen.de\/blog\/wp-json\/wp\/v2\/posts\/11354\/revisions"}],"predecessor-version":[{"id":11384,"href":"https:\/\/schubladenerinnerungen.de\/blog\/wp-json\/wp\/v2\/posts\/11354\/revisions\/11384"}],"wp:featuredmedia":[{"embeddable":true,"href":"https:\/\/schubladenerinnerungen.de\/blog\/wp-json\/wp\/v2\/media\/11357"}],"wp:attachment":[{"href":"https:\/\/schubladenerinnerungen.de\/blog\/wp-json\/wp\/v2\/media?parent=11354"}],"wp:term":[{"taxonomy":"category","embeddable":true,"href":"https:\/\/schubladenerinnerungen.de\/blog\/wp-json\/wp\/v2\/categories?post=11354"},{"taxonomy":"post_tag","embeddable":true,"href":"https:\/\/schubladenerinnerungen.de\/blog\/wp-json\/wp\/v2\/tags?post=11354"}],"curies":[{"name":"wp","href":"https:\/\/api.w.org\/{rel}","templated":true}]}}