{"id":16246,"date":"2024-05-01T07:52:07","date_gmt":"2024-05-01T05:52:07","guid":{"rendered":"https:\/\/schubladenerinnerungen.de\/blog\/?p=16246"},"modified":"2024-11-21T10:03:28","modified_gmt":"2024-11-21T09:03:28","slug":"schwankungsmonat","status":"publish","type":"post","link":"https:\/\/schubladenerinnerungen.de\/blog\/2024\/05\/01\/schwankungsmonat\/","title":{"rendered":"Launischer Schwankungsmonat"},"content":{"rendered":"\n<p class=\"wp-block-paragraph\">Der Monat, der macht was er will. Stimmungsschwankungen hier und da. Wetterwechsel wie im Wettbewerb. Ein launischer Schwankungsmonat.<\/p>\n\n\n\n<p class=\"wp-block-paragraph\">Irgendwie sind auch gar nicht so viele Bilder wie sonst dabei rumgekommen &#8230; aber wieder viel <a href=\"#verkehr\" data-type=\"internal\" data-id=\"#verkehr\">Gebrummele<\/a>.<\/p>\n\n\n\n<div style=\"height:25px\" aria-hidden=\"true\" class=\"wp-block-spacer\"><\/div>\n\n\n\n<figure class=\"wp-block-image size-large\"><a href=\"https:\/\/schubladenerinnerungen.de\/blog\/wp-content\/uploads\/2024\/04\/2024-04-03__17-10-39.jpeg\"><img loading=\"lazy\" decoding=\"async\" width=\"1024\" height=\"1024\" src=\"https:\/\/schubladenerinnerungen.de\/blog\/wp-content\/uploads\/2024\/04\/2024-04-03__17-10-39-1024x1024.jpeg\" alt=\"\" class=\"wp-image-16248\" srcset=\"https:\/\/schubladenerinnerungen.de\/blog\/wp-content\/uploads\/2024\/04\/2024-04-03__17-10-39-1024x1024.jpeg 1024w, https:\/\/schubladenerinnerungen.de\/blog\/wp-content\/uploads\/2024\/04\/2024-04-03__17-10-39-300x300.jpeg 300w, https:\/\/schubladenerinnerungen.de\/blog\/wp-content\/uploads\/2024\/04\/2024-04-03__17-10-39-150x150.jpeg 150w, https:\/\/schubladenerinnerungen.de\/blog\/wp-content\/uploads\/2024\/04\/2024-04-03__17-10-39-768x768.jpeg 768w, https:\/\/schubladenerinnerungen.de\/blog\/wp-content\/uploads\/2024\/04\/2024-04-03__17-10-39-60x60.jpeg 60w, https:\/\/schubladenerinnerungen.de\/blog\/wp-content\/uploads\/2024\/04\/2024-04-03__17-10-39-1250x1250.jpeg 1250w, https:\/\/schubladenerinnerungen.de\/blog\/wp-content\/uploads\/2024\/04\/2024-04-03__17-10-39-400x400.jpeg 400w, https:\/\/schubladenerinnerungen.de\/blog\/wp-content\/uploads\/2024\/04\/2024-04-03__17-10-39-200x200.jpeg 200w, https:\/\/schubladenerinnerungen.de\/blog\/wp-content\/uploads\/2024\/04\/2024-04-03__17-10-39.jpeg 1458w\" sizes=\"auto, (max-width: 1024px) 100vw, 1024px\" \/><\/a><\/figure>\n\n\n\n<!--more-->\n\n\n\n<div style=\"height:10px\" aria-hidden=\"true\" class=\"wp-block-spacer\"><\/div>\n\n\n\n<p class=\"wp-block-paragraph\">Wie man so ein Gemetzel beim Fahrradfahren hinbekommt? Ich habe keine Ahnung&#8230;<\/p>\n\n\n\n<div style=\"height:25px\" aria-hidden=\"true\" class=\"wp-block-spacer\"><\/div>\n\n\n\n<figure class=\"wp-block-image size-large\"><a href=\"https:\/\/schubladenerinnerungen.de\/blog\/wp-content\/uploads\/2024\/04\/2024-04-14__13-55-38.jpeg\"><img loading=\"lazy\" decoding=\"async\" width=\"1024\" height=\"564\" src=\"https:\/\/schubladenerinnerungen.de\/blog\/wp-content\/uploads\/2024\/04\/2024-04-14__13-55-38-1024x564.jpeg\" alt=\"\" class=\"wp-image-16249\" srcset=\"https:\/\/schubladenerinnerungen.de\/blog\/wp-content\/uploads\/2024\/04\/2024-04-14__13-55-38-1024x564.jpeg 1024w, https:\/\/schubladenerinnerungen.de\/blog\/wp-content\/uploads\/2024\/04\/2024-04-14__13-55-38-300x165.jpeg 300w, https:\/\/schubladenerinnerungen.de\/blog\/wp-content\/uploads\/2024\/04\/2024-04-14__13-55-38-768x423.jpeg 768w, https:\/\/schubladenerinnerungen.de\/blog\/wp-content\/uploads\/2024\/04\/2024-04-14__13-55-38-1536x845.jpeg 1536w, https:\/\/schubladenerinnerungen.de\/blog\/wp-content\/uploads\/2024\/04\/2024-04-14__13-55-38-1250x688.jpeg 1250w, https:\/\/schubladenerinnerungen.de\/blog\/wp-content\/uploads\/2024\/04\/2024-04-14__13-55-38-400x220.jpeg 400w, https:\/\/schubladenerinnerungen.de\/blog\/wp-content\/uploads\/2024\/04\/2024-04-14__13-55-38.jpeg 2048w\" sizes=\"auto, (max-width: 1024px) 100vw, 1024px\" \/><\/a><\/figure>\n\n\n\n<div style=\"height:10px\" aria-hidden=\"true\" class=\"wp-block-spacer\"><\/div>\n\n\n\n<p class=\"wp-block-paragraph\">Wir haben uns erneut die <a href=\"https:\/\/www.kunstmuseum-stuttgart.de\/ausstellungen\/menschen\" data-type=\"link\" data-id=\"https:\/\/www.kunstmuseum-stuttgart.de\/ausstellungen\/menschen\" target=\"_blank\" rel=\"noreferrer noopener\">Menschen im Kunstmuseum<\/a> in Stuttgart angeschaut. Dieses Mal sogar den Rest des Museums.<\/p>\n\n\n\n<div style=\"height:25px\" aria-hidden=\"true\" class=\"wp-block-spacer\"><\/div>\n\n\n\n<figure class=\"wp-block-image size-large is-resized\"><a href=\"https:\/\/schubladenerinnerungen.de\/blog\/wp-content\/uploads\/2024\/04\/2024-04-14__14-04-06.jpeg\"><img loading=\"lazy\" decoding=\"async\" width=\"651\" height=\"1024\" src=\"https:\/\/schubladenerinnerungen.de\/blog\/wp-content\/uploads\/2024\/04\/2024-04-14__14-04-06-651x1024.jpeg\" alt=\"\" class=\"wp-image-16257\" style=\"width:840px;height:auto\" srcset=\"https:\/\/schubladenerinnerungen.de\/blog\/wp-content\/uploads\/2024\/04\/2024-04-14__14-04-06-651x1024.jpeg 651w, https:\/\/schubladenerinnerungen.de\/blog\/wp-content\/uploads\/2024\/04\/2024-04-14__14-04-06-191x300.jpeg 191w, https:\/\/schubladenerinnerungen.de\/blog\/wp-content\/uploads\/2024\/04\/2024-04-14__14-04-06-768x1208.jpeg 768w, https:\/\/schubladenerinnerungen.de\/blog\/wp-content\/uploads\/2024\/04\/2024-04-14__14-04-06-977x1536.jpeg 977w, https:\/\/schubladenerinnerungen.de\/blog\/wp-content\/uploads\/2024\/04\/2024-04-14__14-04-06-1250x1966.jpeg 1250w, https:\/\/schubladenerinnerungen.de\/blog\/wp-content\/uploads\/2024\/04\/2024-04-14__14-04-06-400x629.jpeg 400w, https:\/\/schubladenerinnerungen.de\/blog\/wp-content\/uploads\/2024\/04\/2024-04-14__14-04-06.jpeg 1302w\" sizes=\"auto, (max-width: 651px) 100vw, 651px\" \/><\/a><\/figure>\n\n\n\n<div style=\"height:10px\" aria-hidden=\"true\" class=\"wp-block-spacer\"><\/div>\n\n\n\n<p class=\"wp-block-paragraph\">Ehrw\u00fcrdige R\u00e4ume.<\/p>\n\n\n\n<div style=\"height:25px\" aria-hidden=\"true\" class=\"wp-block-spacer\"><\/div>\n\n\n\n<figure class=\"wp-block-image size-large is-resized\"><a href=\"https:\/\/schubladenerinnerungen.de\/blog\/wp-content\/uploads\/2024\/04\/2024-04-14__13-37-41.jpeg\"><img loading=\"lazy\" decoding=\"async\" width=\"1024\" height=\"606\" src=\"https:\/\/schubladenerinnerungen.de\/blog\/wp-content\/uploads\/2024\/04\/2024-04-14__13-37-41-1024x606.jpeg\" alt=\"\" class=\"wp-image-16259\" style=\"width:840px;height:auto\" srcset=\"https:\/\/schubladenerinnerungen.de\/blog\/wp-content\/uploads\/2024\/04\/2024-04-14__13-37-41-1024x606.jpeg 1024w, https:\/\/schubladenerinnerungen.de\/blog\/wp-content\/uploads\/2024\/04\/2024-04-14__13-37-41-300x178.jpeg 300w, https:\/\/schubladenerinnerungen.de\/blog\/wp-content\/uploads\/2024\/04\/2024-04-14__13-37-41-768x455.jpeg 768w, https:\/\/schubladenerinnerungen.de\/blog\/wp-content\/uploads\/2024\/04\/2024-04-14__13-37-41-1536x909.jpeg 1536w, https:\/\/schubladenerinnerungen.de\/blog\/wp-content\/uploads\/2024\/04\/2024-04-14__13-37-41-1250x740.jpeg 1250w, https:\/\/schubladenerinnerungen.de\/blog\/wp-content\/uploads\/2024\/04\/2024-04-14__13-37-41-400x237.jpeg 400w, https:\/\/schubladenerinnerungen.de\/blog\/wp-content\/uploads\/2024\/04\/2024-04-14__13-37-41.jpeg 2048w\" sizes=\"auto, (max-width: 1024px) 100vw, 1024px\" \/><\/a><\/figure>\n\n\n\n<div style=\"height:10px\" aria-hidden=\"true\" class=\"wp-block-spacer\"><\/div>\n\n\n\n<p class=\"wp-block-paragraph\">Pff! Zeitwende. <a href=\"https:\/\/schubladenerinnerungen.de\/blog\/2024\/03\/16\/kriegstuechtiger\/\" data-type=\"post\" data-id=\"15936\">Kriegst\u00fcchtig<\/a>. Yeah!<\/p>\n\n\n\n<div style=\"height:25px\" aria-hidden=\"true\" class=\"wp-block-spacer\"><\/div>\n\n\n\n<figure class=\"wp-block-image size-large\"><a href=\"https:\/\/schubladenerinnerungen.de\/blog\/wp-content\/uploads\/2024\/04\/2024-04-14__16-25-55.jpeg\"><img loading=\"lazy\" decoding=\"async\" width=\"1024\" height=\"1024\" src=\"https:\/\/schubladenerinnerungen.de\/blog\/wp-content\/uploads\/2024\/04\/2024-04-14__16-25-55-1024x1024.jpeg\" alt=\"\" class=\"wp-image-16250\" srcset=\"https:\/\/schubladenerinnerungen.de\/blog\/wp-content\/uploads\/2024\/04\/2024-04-14__16-25-55-1024x1024.jpeg 1024w, https:\/\/schubladenerinnerungen.de\/blog\/wp-content\/uploads\/2024\/04\/2024-04-14__16-25-55-300x300.jpeg 300w, https:\/\/schubladenerinnerungen.de\/blog\/wp-content\/uploads\/2024\/04\/2024-04-14__16-25-55-150x150.jpeg 150w, https:\/\/schubladenerinnerungen.de\/blog\/wp-content\/uploads\/2024\/04\/2024-04-14__16-25-55-768x768.jpeg 768w, https:\/\/schubladenerinnerungen.de\/blog\/wp-content\/uploads\/2024\/04\/2024-04-14__16-25-55-1536x1536.jpeg 1536w, https:\/\/schubladenerinnerungen.de\/blog\/wp-content\/uploads\/2024\/04\/2024-04-14__16-25-55-60x60.jpeg 60w, https:\/\/schubladenerinnerungen.de\/blog\/wp-content\/uploads\/2024\/04\/2024-04-14__16-25-55-1250x1250.jpeg 1250w, https:\/\/schubladenerinnerungen.de\/blog\/wp-content\/uploads\/2024\/04\/2024-04-14__16-25-55-400x400.jpeg 400w, https:\/\/schubladenerinnerungen.de\/blog\/wp-content\/uploads\/2024\/04\/2024-04-14__16-25-55-200x200.jpeg 200w, https:\/\/schubladenerinnerungen.de\/blog\/wp-content\/uploads\/2024\/04\/2024-04-14__16-25-55.jpeg 2048w\" sizes=\"auto, (max-width: 1024px) 100vw, 1024px\" \/><\/a><\/figure>\n\n\n\n<div style=\"height:10px\" aria-hidden=\"true\" class=\"wp-block-spacer\"><\/div>\n\n\n\n<p class=\"wp-block-paragraph\">\u2019s <a href=\"https:\/\/de.wikipedia.org\/wiki\/%C3%84ffle_%26_Pferdle\" target=\"_blank\" data-type=\"link\" data-id=\"https:\/\/de.wikipedia.org\/wiki\/%C3%84ffle_%26_Pferdle\" rel=\"noreferrer noopener\">\u00c4ffle<\/a> sagt \u201estehen bleiben!\u201c<\/p>\n\n\n\n<div style=\"height:25px\" aria-hidden=\"true\" class=\"wp-block-spacer\"><\/div>\n\n\n\n<figure class=\"wp-block-image size-large\"><a href=\"https:\/\/schubladenerinnerungen.de\/blog\/wp-content\/uploads\/2024\/04\/2024-04-14__16-26-51.jpeg\"><img loading=\"lazy\" decoding=\"async\" width=\"1024\" height=\"1024\" src=\"https:\/\/schubladenerinnerungen.de\/blog\/wp-content\/uploads\/2024\/04\/2024-04-14__16-26-51-1024x1024.jpeg\" alt=\"\" class=\"wp-image-16251\" srcset=\"https:\/\/schubladenerinnerungen.de\/blog\/wp-content\/uploads\/2024\/04\/2024-04-14__16-26-51-1024x1024.jpeg 1024w, https:\/\/schubladenerinnerungen.de\/blog\/wp-content\/uploads\/2024\/04\/2024-04-14__16-26-51-300x300.jpeg 300w, https:\/\/schubladenerinnerungen.de\/blog\/wp-content\/uploads\/2024\/04\/2024-04-14__16-26-51-150x150.jpeg 150w, https:\/\/schubladenerinnerungen.de\/blog\/wp-content\/uploads\/2024\/04\/2024-04-14__16-26-51-768x768.jpeg 768w, https:\/\/schubladenerinnerungen.de\/blog\/wp-content\/uploads\/2024\/04\/2024-04-14__16-26-51-1536x1536.jpeg 1536w, https:\/\/schubladenerinnerungen.de\/blog\/wp-content\/uploads\/2024\/04\/2024-04-14__16-26-51-60x60.jpeg 60w, https:\/\/schubladenerinnerungen.de\/blog\/wp-content\/uploads\/2024\/04\/2024-04-14__16-26-51-1250x1250.jpeg 1250w, https:\/\/schubladenerinnerungen.de\/blog\/wp-content\/uploads\/2024\/04\/2024-04-14__16-26-51-400x400.jpeg 400w, https:\/\/schubladenerinnerungen.de\/blog\/wp-content\/uploads\/2024\/04\/2024-04-14__16-26-51-200x200.jpeg 200w, https:\/\/schubladenerinnerungen.de\/blog\/wp-content\/uploads\/2024\/04\/2024-04-14__16-26-51.jpeg 2048w\" sizes=\"auto, (max-width: 1024px) 100vw, 1024px\" \/><\/a><\/figure>\n\n\n\n<div style=\"height:10px\" aria-hidden=\"true\" class=\"wp-block-spacer\"><\/div>\n\n\n\n<p class=\"wp-block-paragraph\">\u2019s <a href=\"https:\/\/www.youtube.com\/watch?v=S259Bbykem8\" data-type=\"link\" data-id=\"https:\/\/www.youtube.com\/watch?v=S259Bbykem8\" target=\"_blank\" rel=\"noreferrer noopener\">Pferdle<\/a> sagt \u201eGalopp!\u201c \u2013 hin zu den L\u00fcgen &#8230; \u00e4\u00e4\u00e4h &#8230; Z\u00fcgen.<\/p>\n\n\n\n<div style=\"height:25px\" aria-hidden=\"true\" class=\"wp-block-spacer\"><\/div>\n\n\n\n<figure class=\"wp-block-image size-large\"><a href=\"https:\/\/schubladenerinnerungen.de\/blog\/wp-content\/uploads\/2024\/04\/Nach-Bad-Wimpfen.jpg\"><img loading=\"lazy\" decoding=\"async\" width=\"1024\" height=\"576\" src=\"https:\/\/schubladenerinnerungen.de\/blog\/wp-content\/uploads\/2024\/04\/Nach-Bad-Wimpfen-1024x576.jpg\" alt=\"\" class=\"wp-image-16322\" srcset=\"https:\/\/schubladenerinnerungen.de\/blog\/wp-content\/uploads\/2024\/04\/Nach-Bad-Wimpfen-1024x576.jpg 1024w, https:\/\/schubladenerinnerungen.de\/blog\/wp-content\/uploads\/2024\/04\/Nach-Bad-Wimpfen-300x169.jpg 300w, https:\/\/schubladenerinnerungen.de\/blog\/wp-content\/uploads\/2024\/04\/Nach-Bad-Wimpfen-768x432.jpg 768w, https:\/\/schubladenerinnerungen.de\/blog\/wp-content\/uploads\/2024\/04\/Nach-Bad-Wimpfen-1536x864.jpg 1536w, https:\/\/schubladenerinnerungen.de\/blog\/wp-content\/uploads\/2024\/04\/Nach-Bad-Wimpfen-1250x703.jpg 1250w, https:\/\/schubladenerinnerungen.de\/blog\/wp-content\/uploads\/2024\/04\/Nach-Bad-Wimpfen-400x225.jpg 400w, https:\/\/schubladenerinnerungen.de\/blog\/wp-content\/uploads\/2024\/04\/Nach-Bad-Wimpfen.jpg 2048w\" sizes=\"auto, (max-width: 1024px) 100vw, 1024px\" \/><\/a><\/figure>\n\n\n\n<div style=\"height:10px\" aria-hidden=\"true\" class=\"wp-block-spacer\"><\/div>\n\n\n\n<p class=\"wp-block-paragraph\">Immer wieder mit dem Bio-Rad nach Bad Wimpfen.<\/p>\n\n\n\n<p class=\"wp-block-paragraph\">[Rot bedeutet schneller als 33,3 km\/h. Die Bilder links und rechts sind allerdings vom April 2015.]\n\n\n\n<div style=\"height:25px\" aria-hidden=\"true\" class=\"wp-block-spacer\"><\/div>\n\n\n\n<figure class=\"wp-block-image size-large\"><a href=\"https:\/\/schubladenerinnerungen.de\/blog\/wp-content\/uploads\/2024\/04\/2024-04-15__17-31-57.jpeg\"><img loading=\"lazy\" decoding=\"async\" width=\"1024\" height=\"567\" src=\"https:\/\/schubladenerinnerungen.de\/blog\/wp-content\/uploads\/2024\/04\/2024-04-15__17-31-57-1024x567.jpeg\" alt=\"\" class=\"wp-image-16252\" srcset=\"https:\/\/schubladenerinnerungen.de\/blog\/wp-content\/uploads\/2024\/04\/2024-04-15__17-31-57-1024x567.jpeg 1024w, https:\/\/schubladenerinnerungen.de\/blog\/wp-content\/uploads\/2024\/04\/2024-04-15__17-31-57-300x166.jpeg 300w, https:\/\/schubladenerinnerungen.de\/blog\/wp-content\/uploads\/2024\/04\/2024-04-15__17-31-57-768x425.jpeg 768w, https:\/\/schubladenerinnerungen.de\/blog\/wp-content\/uploads\/2024\/04\/2024-04-15__17-31-57-1536x851.jpeg 1536w, https:\/\/schubladenerinnerungen.de\/blog\/wp-content\/uploads\/2024\/04\/2024-04-15__17-31-57-1250x692.jpeg 1250w, https:\/\/schubladenerinnerungen.de\/blog\/wp-content\/uploads\/2024\/04\/2024-04-15__17-31-57-400x221.jpeg 400w, https:\/\/schubladenerinnerungen.de\/blog\/wp-content\/uploads\/2024\/04\/2024-04-15__17-31-57.jpeg 2048w\" sizes=\"auto, (max-width: 1024px) 100vw, 1024px\" \/><\/a><\/figure>\n\n\n\n<div style=\"height:10px\" aria-hidden=\"true\" class=\"wp-block-spacer\"><\/div>\n\n\n\n<p class=\"wp-block-paragraph\">Von der Arbeit nach Hause radelnd.<\/p>\n\n\n\n<div style=\"height:25px\" aria-hidden=\"true\" class=\"wp-block-spacer\"><\/div>\n\n\n\n<figure class=\"wp-block-image size-large\"><a href=\"https:\/\/schubladenerinnerungen.de\/blog\/wp-content\/uploads\/2024\/04\/2024-04-20__09-04-09.jpeg\"><img loading=\"lazy\" decoding=\"async\" width=\"1024\" height=\"1024\" src=\"https:\/\/schubladenerinnerungen.de\/blog\/wp-content\/uploads\/2024\/04\/2024-04-20__09-04-09-1024x1024.jpeg\" alt=\"\" class=\"wp-image-16253\" srcset=\"https:\/\/schubladenerinnerungen.de\/blog\/wp-content\/uploads\/2024\/04\/2024-04-20__09-04-09-1024x1024.jpeg 1024w, https:\/\/schubladenerinnerungen.de\/blog\/wp-content\/uploads\/2024\/04\/2024-04-20__09-04-09-300x300.jpeg 300w, https:\/\/schubladenerinnerungen.de\/blog\/wp-content\/uploads\/2024\/04\/2024-04-20__09-04-09-150x150.jpeg 150w, https:\/\/schubladenerinnerungen.de\/blog\/wp-content\/uploads\/2024\/04\/2024-04-20__09-04-09-768x768.jpeg 768w, https:\/\/schubladenerinnerungen.de\/blog\/wp-content\/uploads\/2024\/04\/2024-04-20__09-04-09-1536x1536.jpeg 1536w, https:\/\/schubladenerinnerungen.de\/blog\/wp-content\/uploads\/2024\/04\/2024-04-20__09-04-09-60x60.jpeg 60w, https:\/\/schubladenerinnerungen.de\/blog\/wp-content\/uploads\/2024\/04\/2024-04-20__09-04-09-1250x1250.jpeg 1250w, https:\/\/schubladenerinnerungen.de\/blog\/wp-content\/uploads\/2024\/04\/2024-04-20__09-04-09-400x400.jpeg 400w, https:\/\/schubladenerinnerungen.de\/blog\/wp-content\/uploads\/2024\/04\/2024-04-20__09-04-09-200x200.jpeg 200w, https:\/\/schubladenerinnerungen.de\/blog\/wp-content\/uploads\/2024\/04\/2024-04-20__09-04-09.jpeg 2048w\" sizes=\"auto, (max-width: 1024px) 100vw, 1024px\" \/><\/a><\/figure>\n\n\n\n<div style=\"height:10px\" aria-hidden=\"true\" class=\"wp-block-spacer\"><\/div>\n\n\n\n<p class=\"wp-block-paragraph\">Schubladenerinnerungen. Was sich \u00fcber die Jahre so alles in der Schreibtischschublade ansammelt.<\/p>\n\n\n\n<div style=\"height:25px\" aria-hidden=\"true\" id=\"verkehr\" class=\"wp-block-spacer\"><\/div>\n\n\n\n<figure class=\"wp-block-image size-large\"><a href=\"https:\/\/schubladenerinnerungen.de\/blog\/wp-content\/uploads\/2024\/04\/2024-04-27__13-55-07.jpeg\"><img loading=\"lazy\" decoding=\"async\" width=\"1024\" height=\"580\" src=\"https:\/\/schubladenerinnerungen.de\/blog\/wp-content\/uploads\/2024\/04\/2024-04-27__13-55-07-1024x580.jpeg\" alt=\"\" class=\"wp-image-16262\" srcset=\"https:\/\/schubladenerinnerungen.de\/blog\/wp-content\/uploads\/2024\/04\/2024-04-27__13-55-07-1024x580.jpeg 1024w, https:\/\/schubladenerinnerungen.de\/blog\/wp-content\/uploads\/2024\/04\/2024-04-27__13-55-07-300x170.jpeg 300w, https:\/\/schubladenerinnerungen.de\/blog\/wp-content\/uploads\/2024\/04\/2024-04-27__13-55-07-768x435.jpeg 768w, https:\/\/schubladenerinnerungen.de\/blog\/wp-content\/uploads\/2024\/04\/2024-04-27__13-55-07-1536x869.jpeg 1536w, https:\/\/schubladenerinnerungen.de\/blog\/wp-content\/uploads\/2024\/04\/2024-04-27__13-55-07-1250x707.jpeg 1250w, https:\/\/schubladenerinnerungen.de\/blog\/wp-content\/uploads\/2024\/04\/2024-04-27__13-55-07-400x226.jpeg 400w, https:\/\/schubladenerinnerungen.de\/blog\/wp-content\/uploads\/2024\/04\/2024-04-27__13-55-07.jpeg 2048w\" sizes=\"auto, (max-width: 1024px) 100vw, 1024px\" \/><\/a><\/figure>\n\n\n\n<div style=\"height:10px\" aria-hidden=\"true\" class=\"wp-block-spacer\"><\/div>\n\n\n\n<p class=\"wp-block-paragraph\">Immer wenn ich beim <a href=\"https:\/\/falafelo-online.de\/\" data-type=\"link\" data-id=\"https:\/\/falafelo-online.de\/\" target=\"_blank\" rel=\"noopener\">Falafelo<\/a> draussen sitze, w\u00fcnsch ich mir ein Ger\u00e4t, mit dem ich auf Knopfdruck jedes Auto ausser Betrieb setzen k\u00f6nnte. Dann w\u00e4re die <a href=\"https:\/\/www.openstreetmap.org\/search?query=gerberstra%C3%9Fe%2C+heilbronn#map=19\/49.14262\/9.21702\" data-type=\"link\" data-id=\"https:\/\/www.google.com\/maps\/place\/FALAFELO\/@49.1427206,9.2166469,19.62z\/data=!4m6!3m5!1s0x47982f9298ccc9d3:0xe958af0a0e921cef!8m2!3d49.14309!4d9.21718!16s%2Fg%2F11h036pnvq?entry=ttu\" target=\"_blank\" rel=\"noreferrer noopener\">Gerberstra\u00dfe<\/a> zwar verstopft, man k\u00f6nnte aber endlich in Ruhe sein Essen dort genie\u00dfen.<\/p>\n\n\n\n<p class=\"wp-block-paragraph\">Denn gegen\u00fcber vom Falafelo gibt es einen schwer umk\u00e4mpften Parkplatz. Der Einlass erfolgt \u00fcber ein Ampelsystem, welches zus\u00e4tzlich mit Sensoren arbeitet. Leuchtet die Ampel rot, soll man eigentlich nicht in den Parkplatz einfahren. Schon gar nicht Anstehen und auf Einlass warten. Es \u00fcberhaupt nicht versuchen. Das wird aber trotzdem gemacht. Die Autos, die die Gerberstra\u00dfe Richtung Kaiserstra\u00dfe entlang kommen, wollen stur links in den Parkplatz fahren. Manchmal auch welche, die von rechts, von der Kaiserstra\u00dfe kommen.<\/p>\n\n\n\n<p class=\"wp-block-paragraph\">Die Linksabbieger scheissen sich dann nichts. Sie versperren die Stra\u00dfe. So nach dem Motto \u201eIch, Ich, Ich, &#8230;!\u201c. Die, die von der Kaiserstra\u00dfe kommen, k\u00f6nnen also nicht weiter fahren, da die Einbieger Richtung Parkplatz die Stra\u00dfe zum\u00fcllen.<\/p>\n\n\n\n<p class=\"wp-block-paragraph\">Die, die nicht in den Parkplatz wollen, kommen genauso wenig weiter. Es wird also gehupt was das Zeug h\u00e4lt. Mitten in der Stadt. Direkt vor der Falafelo \u201eTerrasse\u201c. Beschleunigen oder Beseitigen tut das nat\u00fcrlich gar nichts. Denn die Linksabbieger scheissen sich nichts. Null Regung. <a href=\"https:\/\/de.wikipedia.org\/wiki\/Polytetrafluorethylen\" data-type=\"link\" data-id=\"https:\/\/de.wikipedia.org\/wiki\/Polytetrafluorethylen\" target=\"_blank\" rel=\"noreferrer noopener\">Egoistenteflon<\/a> ums Hirn.<\/p>\n\n\n\n<p class=\"wp-block-paragraph\">Da kann es dann schonmal passieren, dass Motorr\u00e4der \u00fcber den Gehweg am Stau vorbei fahren. Dicht an meinen F\u00fc\u00dfen, die unterm Esstisch rausblinzeln. Manchmal dr\u00fccken sich sogar Autos halb \u00fcber dem Gehweg an den Tischen und am gro\u00dfen Zeh vorbei. Vor allem wenn die Linksabbieger etwas mehr in der Mitte der Stra\u00dfe warten.<\/p>\n\n\n\n<p class=\"wp-block-paragraph\">Das Spiel wiederholt sich nach einer kurzen Aufl\u00f6sung erneut und erneut und &#8230;<\/p>\n\n\n\n<p class=\"wp-block-paragraph\">Wenn in der Gerberstra\u00dfe, auf H\u00f6he des Falafelo, mal kein Stau ist, heizen die Testosteron-Heinis dort vorbei, und lassen sch\u00f6n laut den Auspuff knallen, oder meinen, dass man den Klang ihres Boliden einfach toll finden m\u00fcsste, und geben extra Gas. Wie sie selbst einen H\u00f6henflug dabei bekommen. Motorradfahrer geh\u00f6ren ebenso dazu.<\/p>\n\n\n\n<p class=\"wp-block-paragraph\">Da sitzt man dann also im L\u00e4rm und Gestank, und wundert sich, warum man sich das antut&#8230;<\/p>\n\n\n\n<p class=\"wp-block-paragraph\">Willkommen in einer Stadt, die um\u2019s Auto herum <a href=\"https:\/\/de.wikipedia.org\/wiki\/Heilbronn#Zweite_H%C3%A4lfte_des_20._Jahrhunderts\" data-type=\"link\" data-id=\"https:\/\/de.wikipedia.org\/wiki\/Heilbronn#Zweite_H%C3%A4lfte_des_20._Jahrhunderts\" target=\"_blank\" rel=\"noreferrer noopener\">wiederaufgebaut<\/a> wurde &#8230; und in einem L\u00e4ndle, in dem das Auto zur heiligen Kuh wurde.<\/p>\n\n\n\n<p class=\"wp-block-paragraph\">Aber jetzt genug mit den Stimmungschwankungen im Schwankungsmonat.<\/p>\n\n\n\n<p class=\"wp-block-paragraph\">[Das Bild oben ist beim Falafelo am Eck. Das Autochaos habe ich bis jetzt noch nicht geknipst. Ich trau micht nicht.]\n\n\n\n<div style=\"height:25px\" aria-hidden=\"true\" class=\"wp-block-spacer\"><\/div>\n\n\n\n<figure class=\"wp-block-image size-large\"><a href=\"https:\/\/schubladenerinnerungen.de\/blog\/wp-content\/uploads\/2024\/04\/IMG_20240429_195509.jpg\"><img loading=\"lazy\" decoding=\"async\" width=\"1024\" height=\"1024\" src=\"https:\/\/schubladenerinnerungen.de\/blog\/wp-content\/uploads\/2024\/04\/IMG_20240429_195509-1024x1024.jpg\" alt=\"\" class=\"wp-image-16309\" srcset=\"https:\/\/schubladenerinnerungen.de\/blog\/wp-content\/uploads\/2024\/04\/IMG_20240429_195509-1024x1024.jpg 1024w, https:\/\/schubladenerinnerungen.de\/blog\/wp-content\/uploads\/2024\/04\/IMG_20240429_195509-300x300.jpg 300w, https:\/\/schubladenerinnerungen.de\/blog\/wp-content\/uploads\/2024\/04\/IMG_20240429_195509-150x150.jpg 150w, https:\/\/schubladenerinnerungen.de\/blog\/wp-content\/uploads\/2024\/04\/IMG_20240429_195509-768x768.jpg 768w, https:\/\/schubladenerinnerungen.de\/blog\/wp-content\/uploads\/2024\/04\/IMG_20240429_195509-1536x1536.jpg 1536w, https:\/\/schubladenerinnerungen.de\/blog\/wp-content\/uploads\/2024\/04\/IMG_20240429_195509-60x60.jpg 60w, https:\/\/schubladenerinnerungen.de\/blog\/wp-content\/uploads\/2024\/04\/IMG_20240429_195509-1250x1250.jpg 1250w, https:\/\/schubladenerinnerungen.de\/blog\/wp-content\/uploads\/2024\/04\/IMG_20240429_195509-400x400.jpg 400w, https:\/\/schubladenerinnerungen.de\/blog\/wp-content\/uploads\/2024\/04\/IMG_20240429_195509-200x200.jpg 200w, https:\/\/schubladenerinnerungen.de\/blog\/wp-content\/uploads\/2024\/04\/IMG_20240429_195509.jpg 1600w\" sizes=\"auto, (max-width: 1024px) 100vw, 1024px\" \/><\/a><\/figure>\n\n\n\n<div style=\"height:10px\" aria-hidden=\"true\" class=\"wp-block-spacer\"><\/div>\n\n\n\n<p class=\"wp-block-paragraph\">Geschirrtuch aus den Siebzigern. Ganz bestimmt. Vielleicht sogar noch \u00e4lter. Erbst\u00fcck. Manche tragen so was als Geschirrtuchhemd. Das hier h\u00e4tte sogar schon den typischen \u201eused Look\u201c.<\/p>\n\n\n\n<div style=\"height:25px\" aria-hidden=\"true\" id=\"verkehr\" class=\"wp-block-spacer\"><\/div>\n\n\n\n<figure class=\"wp-block-image size-large\"><a href=\"https:\/\/schubladenerinnerungen.de\/blog\/wp-content\/uploads\/2024\/04\/IMG_20240429_201014.jpg\"><img loading=\"lazy\" decoding=\"async\" width=\"1024\" height=\"1024\" src=\"https:\/\/schubladenerinnerungen.de\/blog\/wp-content\/uploads\/2024\/04\/IMG_20240429_201014-1024x1024.jpg\" alt=\"\" class=\"wp-image-16310\" srcset=\"https:\/\/schubladenerinnerungen.de\/blog\/wp-content\/uploads\/2024\/04\/IMG_20240429_201014-1024x1024.jpg 1024w, https:\/\/schubladenerinnerungen.de\/blog\/wp-content\/uploads\/2024\/04\/IMG_20240429_201014-300x300.jpg 300w, https:\/\/schubladenerinnerungen.de\/blog\/wp-content\/uploads\/2024\/04\/IMG_20240429_201014-150x150.jpg 150w, https:\/\/schubladenerinnerungen.de\/blog\/wp-content\/uploads\/2024\/04\/IMG_20240429_201014-768x768.jpg 768w, https:\/\/schubladenerinnerungen.de\/blog\/wp-content\/uploads\/2024\/04\/IMG_20240429_201014-1536x1536.jpg 1536w, https:\/\/schubladenerinnerungen.de\/blog\/wp-content\/uploads\/2024\/04\/IMG_20240429_201014-60x60.jpg 60w, https:\/\/schubladenerinnerungen.de\/blog\/wp-content\/uploads\/2024\/04\/IMG_20240429_201014-1250x1250.jpg 1250w, https:\/\/schubladenerinnerungen.de\/blog\/wp-content\/uploads\/2024\/04\/IMG_20240429_201014-400x400.jpg 400w, https:\/\/schubladenerinnerungen.de\/blog\/wp-content\/uploads\/2024\/04\/IMG_20240429_201014-200x200.jpg 200w, https:\/\/schubladenerinnerungen.de\/blog\/wp-content\/uploads\/2024\/04\/IMG_20240429_201014.jpg 1600w\" sizes=\"auto, (max-width: 1024px) 100vw, 1024px\" \/><\/a><\/figure>\n\n\n\n<div style=\"height:10px\" aria-hidden=\"true\" class=\"wp-block-spacer\"><\/div>\n\n\n\n<p class=\"wp-block-paragraph\"><a href=\"https:\/\/www.youtube.com\/watch?v=AdzHBpxZWVM\" data-type=\"link\" data-id=\"https:\/\/www.youtube.com\/watch?v=AdzHBpxZWVM\" target=\"_blank\" rel=\"noopener\">Tear down the Wall!<\/a><\/p>\n\n\n\n<div style=\"height:25px\" aria-hidden=\"true\" id=\"verkehr\" class=\"wp-block-spacer\"><\/div>\n\n\n\n<figure class=\"wp-block-image size-large\"><a href=\"https:\/\/schubladenerinnerungen.de\/blog\/wp-content\/uploads\/2024\/04\/Photos-Unabhaengigkeit.jpg\"><img loading=\"lazy\" decoding=\"async\" width=\"1024\" height=\"576\" src=\"https:\/\/schubladenerinnerungen.de\/blog\/wp-content\/uploads\/2024\/04\/Photos-Unabhaengigkeit-1024x576.jpg\" alt=\"\" class=\"wp-image-16335\" srcset=\"https:\/\/schubladenerinnerungen.de\/blog\/wp-content\/uploads\/2024\/04\/Photos-Unabhaengigkeit-1024x576.jpg 1024w, https:\/\/schubladenerinnerungen.de\/blog\/wp-content\/uploads\/2024\/04\/Photos-Unabhaengigkeit-300x169.jpg 300w, https:\/\/schubladenerinnerungen.de\/blog\/wp-content\/uploads\/2024\/04\/Photos-Unabhaengigkeit-768x432.jpg 768w, https:\/\/schubladenerinnerungen.de\/blog\/wp-content\/uploads\/2024\/04\/Photos-Unabhaengigkeit-1536x864.jpg 1536w, https:\/\/schubladenerinnerungen.de\/blog\/wp-content\/uploads\/2024\/04\/Photos-Unabhaengigkeit-1250x703.jpg 1250w, https:\/\/schubladenerinnerungen.de\/blog\/wp-content\/uploads\/2024\/04\/Photos-Unabhaengigkeit-400x225.jpg 400w, https:\/\/schubladenerinnerungen.de\/blog\/wp-content\/uploads\/2024\/04\/Photos-Unabhaengigkeit.jpg 2048w\" sizes=\"auto, (max-width: 1024px) 100vw, 1024px\" \/><\/a><\/figure>\n\n\n\n<div style=\"height:10px\" aria-hidden=\"true\" class=\"wp-block-spacer\"><\/div>\n\n\n\n<p class=\"wp-block-paragraph\">Zur Zeit werkel ich an der Unabh\u00e4ngigkeit von <strong>Apple Fotos<\/strong>. Das heisst, dass ich die in Fotos angelegten Alben per <a href=\"https:\/\/www.fatcatsoftware.com\/powerphotos\/\" data-type=\"link\" data-id=\"https:\/\/www.fatcatsoftware.com\/powerphotos\/\" target=\"_blank\" rel=\"noreferrer noopener\"><strong>PowerPhotos<\/strong><\/a> auf die Festplatte exportiere. In eine mir ausgedachte Struktur, die ich so ziemlich jedem Fotoverwaltungsprogramm antun kann. Apple Fotos eben auch wieder. Ich hatte das vor langer Zeit schonmal so. In <strong><a href=\"https:\/\/de.wikipedia.org\/wiki\/IPhoto\" target=\"_blank\" data-type=\"link\" data-id=\"https:\/\/de.wikipedia.org\/wiki\/IPhoto\" rel=\"noreferrer noopener\">iPhoto<\/a><\/strong> (gro\u00dfartige Software). Bei irgendeiner System-Aktualisierung, und mit der Einf\u00fchrung von Apple Fotos hatte ich mal nicht aufgepasst, und die Organisation der Photos wurde von der Software \u00fcbernommen &#8230; und dann kam noch Faulheit und Bequemlichkeit dazu &#8230; mittlerweile sind Jahre vergangen.<\/p>\n\n\n\n<p class=\"wp-block-paragraph\">Jedenfalls m\u00f6chte ich mir einen <a href=\"https:\/\/www.antratek.de\/odroid-hc4-nas-server\" data-type=\"link\" data-id=\"https:\/\/www.antratek.de\/odroid-hc4-nas-server\" target=\"_blank\" rel=\"noreferrer noopener\"><strong>ODROID-HC4 NAS Server<\/strong><\/a> basteln, auf dem dann alle Fotos f\u00fcr all unsere Ger\u00e4te parat liegen, und die <strong>NAS<\/strong> kann dann eventuell sogar aus dem Internet aufrufbar sein (mal sehen). Das System auf der NAS wird <a href=\"https:\/\/www.openmediavault.org\/\" data-type=\"link\" data-id=\"https:\/\/www.openmediavault.org\/\" target=\"_blank\" rel=\"noreferrer noopener\"><strong>OpenMediaVault<\/strong><\/a> sein, das steht auch schon fest.<\/p>\n\n\n\n<p class=\"wp-block-paragraph\">Die neue Bildverwaltung und -bearbeitung wird <a href=\"https:\/\/www.darktable.org\/\" data-type=\"link\" data-id=\"https:\/\/www.darktable.org\/\" target=\"_blank\" rel=\"noreferrer noopener\"><strong>Darktable<\/strong><\/a> \u00fcbernehmen. Die Software ist gro\u00dfartig und schnell, und nicht so schlecht programmiert, und dadurch perefomance-hungrig, wie so manch andere in dem Bereich. Und es gibt sie auf drei Plattformen: Mac, Windows und LInux.<\/p>\n\n\n\n<p class=\"wp-block-paragraph\">Das wird mir immer wichtiger. Ich kaufe\/lade keine Software mehr, die nicht zus\u00e4tzlich auf Linux lauff\u00e4hig ist. Das ist ein Hauch Unabh\u00e4gigkeit und ebenso Freiheit.<\/p>\n\n\n\n<p class=\"wp-block-paragraph\">Parallel m\u00f6chte ich die Bilder dann noch in einer <strong>Cloud<\/strong> sichern. <a href=\"https:\/\/www.pcloud.com\/de\/\" data-type=\"link\" data-id=\"https:\/\/www.pcloud.com\/de\/\" target=\"_blank\" rel=\"noreferrer noopener\"><strong>pCloud<\/strong><\/a> scheidet aus (einige Tests haben mich nicht von deren Verl\u00e4sslichkeit und Funktionsvielfalt \u00fcberzeugt; und das, obwohl ich dort einen 2 TB Lifetime-Account habe). Dann hatte ich noch <a href=\"https:\/\/proton.me\/de\/drive\" data-type=\"link\" data-id=\"https:\/\/proton.me\/de\/drive\" target=\"_blank\" rel=\"noreferrer noopener\"><strong>Proton<\/strong><\/a> getestet (zu teuer) und was weiss ich noch alles f\u00fcr Clouds &#8230;<\/p>\n\n\n\n<p class=\"wp-block-paragraph\"><a href=\"https:\/\/nextcloud.com\/\" data-type=\"link\" data-id=\"https:\/\/nextcloud.com\/\" target=\"_blank\" rel=\"noreferrer noopener\"><strong>Nextcloud<\/strong><\/a> ist ein heisser Anw\u00e4rter (das l\u00e4uft schon auf meiner privaten Domain; dort m\u00fcsste ich nur mehr Platz einkaufen). <a href=\"https:\/\/www.google.com\/intl\/de\/drive\/\" data-type=\"link\" data-id=\"https:\/\/www.google.com\/intl\/de\/drive\/\" target=\"_blank\" rel=\"noreferrer noopener\"><strong>Google Drive<\/strong><\/a> bietet all das, was ich mir w\u00fcnsche, ist aber die Entwicklung einer Firma, der ich nicht auch noch mein Geld in den gierigen Rachen werfen m\u00f6chte. Da geh\u00f6rt auch <strong>Microsoft<\/strong> dazu.<\/p>\n\n\n\n<p class=\"wp-block-paragraph\">Wir geben gedankenlos immer den gleichen Firmen Geld, und machen sie gro\u00df und gr\u00f6\u00dfer und t\u00f6ten die Vielfalt.<\/p>\n\n\n\n<p class=\"wp-block-paragraph\">Und als n\u00e4chsten Schritt wird es einen <strong>Shop<\/strong> geben, \u00fcber den meine Fotos auf vielen unterschiedlichen Produkten bestellt werden k\u00f6nnen: Leinw\u00e4nde, Tassen, Postkarten, &#8230;<\/p>\n\n\n\n<div style=\"height:50px\" aria-hidden=\"true\" id=\"verkehr\" class=\"wp-block-spacer\"><\/div>\n\n\n\n<figure class=\"wp-block-audio\"><audio controls src=\"https:\/\/schubladenerinnerungen.de\/blog\/wp-content\/uploads\/2024\/05\/17-03-Agitation-10.mp3\"><\/audio><\/figure>\n\n\n\n<div style=\"height:10px\" aria-hidden=\"true\" id=\"verkehr\" class=\"wp-block-spacer\"><\/div>\n\n\n\n<p class=\"wp-block-paragraph\">Und jetzt noch ein Lied, an dem ich arbeite (Version 10). Ist vom <a href=\"https:\/\/dadanaut.de\/\" target=\"_blank\" data-type=\"link\" data-id=\"https:\/\/dadanaut.de\/\" rel=\"noreferrer noopener\"><strong>Dadanaut<\/strong><\/a> Album <strong>Reaktionsherrschaft<\/strong> und heisst Agitation.<\/p>\n\n\n\n<div style=\"height:25px\" aria-hidden=\"true\" id=\"verkehr\" class=\"wp-block-spacer\"><\/div>\n\n\n\n<div style=\"height:50px\" aria-hidden=\"true\" class=\"wp-block-spacer\"><\/div>\n\n\n\n<hr class=\"wp-block-separator has-alpha-channel-opacity is-style-dots\"\/>\n\n\n\n<div style=\"height:75px\" aria-hidden=\"true\" class=\"wp-block-spacer\"><\/div>\n\n\n\n<h2 class=\"wp-block-heading\">April, April, &#8230; der Schwankungsmonat statistisch!<\/h2>\n\n\n\n<div style=\"height:10px\" aria-hidden=\"true\" class=\"wp-block-spacer\"><\/div>\n\n\n\n<figure class=\"wp-block-image size-large\"><a href=\"https:\/\/schubladenerinnerungen.de\/blog\/wp-content\/uploads\/2024\/04\/April-2024.jpg\"><img loading=\"lazy\" decoding=\"async\" width=\"1024\" height=\"575\" src=\"https:\/\/schubladenerinnerungen.de\/blog\/wp-content\/uploads\/2024\/04\/April-2024-1024x575.jpg\" alt=\"\" class=\"wp-image-16315\" srcset=\"https:\/\/schubladenerinnerungen.de\/blog\/wp-content\/uploads\/2024\/04\/April-2024-1024x575.jpg 1024w, https:\/\/schubladenerinnerungen.de\/blog\/wp-content\/uploads\/2024\/04\/April-2024-300x169.jpg 300w, https:\/\/schubladenerinnerungen.de\/blog\/wp-content\/uploads\/2024\/04\/April-2024-768x431.jpg 768w, https:\/\/schubladenerinnerungen.de\/blog\/wp-content\/uploads\/2024\/04\/April-2024-400x225.jpg 400w, https:\/\/schubladenerinnerungen.de\/blog\/wp-content\/uploads\/2024\/04\/April-2024.jpg 1118w\" sizes=\"auto, (max-width: 1024px) 100vw, 1024px\" \/><\/a><\/figure>\n\n\n\n<div style=\"height:10px\" aria-hidden=\"true\" class=\"wp-block-spacer\"><\/div>\n\n\n\n<p class=\"wp-block-paragraph\">April: 994 km Weite, 7.632 m H\u00f6he, 64 Stunden, 44 Touren.<\/p>\n\n\n\n<p class=\"wp-block-paragraph\">Eigentlich h\u00e4tte ich die sechs Kilometer auch noch treten k\u00f6nnen. Aber ich bin auf leichtem Entzug.<\/p>\n\n\n\n<div style=\"height:75px\" aria-hidden=\"true\" class=\"wp-block-spacer\"><\/div>\n","protected":false},"excerpt":{"rendered":"<p>Der Monat, der macht was er will. Stimmungsschwankungen hier und da. Wetterwechsel wie im Wettbewerb. Ein launischer Schwankungsmonat. Irgendwie sind auch gar nicht so viele Bilder wie sonst dabei rumgekommen &#8230; aber wieder viel Gebrummele.<\/p>\n","protected":false},"author":1,"featured_media":16258,"comment_status":"open","ping_status":"open","sticky":false,"template":"","format":"standard","meta":{"_crdt_document":"","ngg_post_thumbnail":0,"pgc_sgb_lightbox_settings":"","activitypub_content_warning":"","activitypub_content_visibility":"","activitypub_max_image_attachments":3,"activitypub_interaction_policy_quote":"anyone","activitypub_status":"federate","footnotes":"","_share_on_mastodon":"0"},"categories":[3],"tags":[4287,4294,2259,402,4293,1880,3426,4297,4296,2803,4291,237,780,4288,1014,3307,4298,4292,54,924,4285,4290,4284,4295,82],"class_list":["post-16246","post","type-post","status-publish","format-standard","has-post-thumbnail","hentry","category-bilder","tag-aeffle-und-pferdle","tag-apple-fotos","tag-autos","tag-chaos","tag-darktable","tag-erinnerungen","tag-falafelo","tag-fotobearbeitung","tag-fotoverwaltung","tag-gemetzel","tag-hauptbahnhof","tag-krieg","tag-kunst","tag-kunstmuseum","tag-linux","tag-museum","tag-nas","tag-powerphotos","tag-radeln","tag-s21","tag-schubladen","tag-sieh-dir-die-menschen-an","tag-testesteron","tag-unabhaengigkeit","tag-verkehr"],"share_on_mastodon":{"url":"https:\/\/mastodon.social\/@Dadanaut\/112364272452871934","error":""},"featured_image_src":"https:\/\/schubladenerinnerungen.de\/blog\/wp-content\/uploads\/2024\/04\/2024-04-14__15-11-43.jpeg","author_info":{"display_name":"Dinkster","author_link":"https:\/\/schubladenerinnerungen.de\/blog\/author\/dinkster\/"},"_links":{"self":[{"href":"https:\/\/schubladenerinnerungen.de\/blog\/wp-json\/wp\/v2\/posts\/16246","targetHints":{"allow":["GET"]}}],"collection":[{"href":"https:\/\/schubladenerinnerungen.de\/blog\/wp-json\/wp\/v2\/posts"}],"about":[{"href":"https:\/\/schubladenerinnerungen.de\/blog\/wp-json\/wp\/v2\/types\/post"}],"author":[{"embeddable":true,"href":"https:\/\/schubladenerinnerungen.de\/blog\/wp-json\/wp\/v2\/users\/1"}],"replies":[{"embeddable":true,"href":"https:\/\/schubladenerinnerungen.de\/blog\/wp-json\/wp\/v2\/comments?post=16246"}],"version-history":[{"count":75,"href":"https:\/\/schubladenerinnerungen.de\/blog\/wp-json\/wp\/v2\/posts\/16246\/revisions"}],"predecessor-version":[{"id":17829,"href":"https:\/\/schubladenerinnerungen.de\/blog\/wp-json\/wp\/v2\/posts\/16246\/revisions\/17829"}],"wp:featuredmedia":[{"embeddable":true,"href":"https:\/\/schubladenerinnerungen.de\/blog\/wp-json\/wp\/v2\/media\/16258"}],"wp:attachment":[{"href":"https:\/\/schubladenerinnerungen.de\/blog\/wp-json\/wp\/v2\/media?parent=16246"}],"wp:term":[{"taxonomy":"category","embeddable":true,"href":"https:\/\/schubladenerinnerungen.de\/blog\/wp-json\/wp\/v2\/categories?post=16246"},{"taxonomy":"post_tag","embeddable":true,"href":"https:\/\/schubladenerinnerungen.de\/blog\/wp-json\/wp\/v2\/tags?post=16246"}],"curies":[{"name":"wp","href":"https:\/\/api.w.org\/{rel}","templated":true}]}}