{"id":17707,"date":"2024-12-01T10:15:00","date_gmt":"2024-12-01T09:15:00","guid":{"rendered":"https:\/\/schubladenerinnerungen.de\/blog\/?p=17707"},"modified":"2024-12-19T06:40:31","modified_gmt":"2024-12-19T05:40:31","slug":"introspektiv","status":"publish","type":"post","link":"https:\/\/schubladenerinnerungen.de\/blog\/2024\/12\/01\/introspektiv\/","title":{"rendered":"Eindeutig introspektiv im November"},"content":{"rendered":"\n<p class=\"wp-block-paragraph\"><br \/>Jede bewusst wahrgenommene Beobachtung bringt uns zum Nachdenken, jedes Nachdenken zu einer tieferen Reflexion, und jede Reflexion zu einem Verbinden von Gedanken. Man k\u00f6nnte also sagen, dass wir jedes Mal, wenn wir die Welt aufmerksam betrachten, bereits beginnen, Theorien zu entwickeln, oder \u00fcber uns selbst sinnieren \u2013 introspektiv sind.<\/p>\n\n\n\n<p class=\"wp-block-paragraph\">Jede bewusste Wahrnehmung f\u00fchrt uns tiefer in den Prozess des Verstehens, Interpretierens und der <a href=\"https:\/\/schubladenerinnerungen.de\/blog\/2024\/12\/01\/introspektiv\/#Introspektion\" data-type=\"post\" data-id=\"17707\">Introspektion<\/a>.<\/p>\n\n\n\n<p class=\"wp-block-paragraph\">Auch B\u00fccher k\u00f6nnen oben erw\u00e4hntes bewirken. Davon gab\u2019s im November einige: <a href=\"https:\/\/schubladenerinnerungen.de\/blog\/2024\/12\/01\/introspektiv\/#twain\" data-type=\"post\" data-id=\"17707\">The Awful German Language<\/a>, <a href=\"https:\/\/schubladenerinnerungen.de\/blog\/2024\/12\/01\/introspektiv\/#cleese\" data-type=\"post\" data-id=\"17707\">Creativity<\/a>, <a href=\"https:\/\/schubladenerinnerungen.de\/blog\/2024\/12\/01\/introspektiv\/#princessbride\" data-type=\"post\" data-id=\"17707\">The Princess Bride<\/a>.<\/p>\n\n\n\n<p class=\"wp-block-paragraph\">Und mal wieder mehr Bilder als sonst &#8230; und zwei Liedideen verstecken sich auch dazwischen (<a href=\"https:\/\/schubladenerinnerungen.de\/blog\/2024\/12\/01\/introspektiv\/#klimbim\" data-type=\"post\" data-id=\"17707\">1<\/a>, <a href=\"https:\/\/schubladenerinnerungen.de\/blog\/2024\/12\/01\/introspektiv\/#sturmbrecher\" data-type=\"link\" data-id=\"https:\/\/schubladenerinnerungen.de\/blog\/2024\/12\/01\/introspektiv\/#sturmbrecher\">2<\/a>).<\/p>\n\n\n\n<div style=\"height:25px\" aria-hidden=\"true\" class=\"wp-block-spacer\"><\/div>\n\n\n\n<figure class=\"wp-block-image size-full is-resized\"><a href=\"https:\/\/schubladenerinnerungen.de\/blog\/wp-content\/uploads\/2024\/11\/2024-11-04__17-42-34.jpeg\"><img loading=\"lazy\" decoding=\"async\" width=\"2048\" height=\"1248\" src=\"https:\/\/schubladenerinnerungen.de\/blog\/wp-content\/uploads\/2024\/11\/2024-11-04__17-42-34.jpeg\" alt=\"Herbst, Sonnenuntergang von der Panoramastra\u00dfe gesehen \u2013 zwischen Neckarwestrheim und Lauffen am Neckar\" class=\"wp-image-17725\" style=\"width:840px;height:auto\" srcset=\"https:\/\/schubladenerinnerungen.de\/blog\/wp-content\/uploads\/2024\/11\/2024-11-04__17-42-34.jpeg 2048w, https:\/\/schubladenerinnerungen.de\/blog\/wp-content\/uploads\/2024\/11\/2024-11-04__17-42-34-300x183.jpeg 300w, https:\/\/schubladenerinnerungen.de\/blog\/wp-content\/uploads\/2024\/11\/2024-11-04__17-42-34-768x468.jpeg 768w, https:\/\/schubladenerinnerungen.de\/blog\/wp-content\/uploads\/2024\/11\/2024-11-04__17-42-34-1536x936.jpeg 1536w, https:\/\/schubladenerinnerungen.de\/blog\/wp-content\/uploads\/2024\/11\/2024-11-04__17-42-34-1250x762.jpeg 1250w, https:\/\/schubladenerinnerungen.de\/blog\/wp-content\/uploads\/2024\/11\/2024-11-04__17-42-34-400x244.jpeg 400w\" sizes=\"auto, (max-width: 2048px) 100vw, 2048px\" \/><\/a><\/figure>\n\n\n\n<div style=\"height:10px\" aria-hidden=\"true\" class=\"wp-block-spacer\"><\/div>\n\n\n\n<p class=\"wp-block-paragraph\">Wahrscheinlich der letzte Sonnenuntergang beim Heimradeln &#8230; f\u00fcr \u2019ne gewisse Zeit.<\/p>\n\n\n\n<div style=\"height:25px\" aria-hidden=\"true\" class=\"wp-block-spacer\"><\/div>\n\n\n\n<!--more-->\n\n\n\n<figure class=\"wp-block-image size-full is-resized\"><a href=\"https:\/\/schubladenerinnerungen.de\/blog\/wp-content\/uploads\/2024\/11\/Zeit.jpg\"><img loading=\"lazy\" decoding=\"async\" width=\"2048\" height=\"1024\" src=\"https:\/\/schubladenerinnerungen.de\/blog\/wp-content\/uploads\/2024\/11\/Zeit.jpg\" alt=\"Heupferd(?) am Laternenpfosten \u2013 \u00fcber Wochen verteilt fotografiert\" class=\"wp-image-17719\" style=\"width:840px;height:auto\" srcset=\"https:\/\/schubladenerinnerungen.de\/blog\/wp-content\/uploads\/2024\/11\/Zeit.jpg 2048w, https:\/\/schubladenerinnerungen.de\/blog\/wp-content\/uploads\/2024\/11\/Zeit-300x150.jpg 300w, https:\/\/schubladenerinnerungen.de\/blog\/wp-content\/uploads\/2024\/11\/Zeit-768x384.jpg 768w, https:\/\/schubladenerinnerungen.de\/blog\/wp-content\/uploads\/2024\/11\/Zeit-1536x768.jpg 1536w, https:\/\/schubladenerinnerungen.de\/blog\/wp-content\/uploads\/2024\/11\/Zeit-1250x625.jpg 1250w, https:\/\/schubladenerinnerungen.de\/blog\/wp-content\/uploads\/2024\/11\/Zeit-400x200.jpg 400w\" sizes=\"auto, (max-width: 2048px) 100vw, 2048px\" \/><\/a><\/figure>\n\n\n\n<div style=\"height:10px\" aria-hidden=\"true\" class=\"wp-block-spacer\"><\/div>\n\n\n\n<p class=\"wp-block-paragraph\">Wie die Zeit vergeht &#8230; auch ein Anblick, der introspektiv z\u00fcndet.<\/p>\n\n\n\n<div style=\"height:25px\" aria-hidden=\"true\" class=\"wp-block-spacer\"><\/div>\n\n\n\n<figure class=\"wp-block-image size-full is-resized\" id=\"twain\"><a href=\"https:\/\/schubladenerinnerungen.de\/blog\/wp-content\/uploads\/2024\/11\/2024-11-06__06-52-32.jpeg\"><img loading=\"lazy\" decoding=\"async\" width=\"1985\" height=\"1985\" src=\"https:\/\/schubladenerinnerungen.de\/blog\/wp-content\/uploads\/2024\/11\/2024-11-06__06-52-32.jpeg\" alt=\"Mark Twain, The Awful German Language\" class=\"wp-image-17708\" style=\"width:840px;height:auto\" srcset=\"https:\/\/schubladenerinnerungen.de\/blog\/wp-content\/uploads\/2024\/11\/2024-11-06__06-52-32.jpeg 1985w, https:\/\/schubladenerinnerungen.de\/blog\/wp-content\/uploads\/2024\/11\/2024-11-06__06-52-32-300x300.jpeg 300w, https:\/\/schubladenerinnerungen.de\/blog\/wp-content\/uploads\/2024\/11\/2024-11-06__06-52-32-1600x1600.jpeg 1600w, https:\/\/schubladenerinnerungen.de\/blog\/wp-content\/uploads\/2024\/11\/2024-11-06__06-52-32-150x150.jpeg 150w, https:\/\/schubladenerinnerungen.de\/blog\/wp-content\/uploads\/2024\/11\/2024-11-06__06-52-32-768x768.jpeg 768w, https:\/\/schubladenerinnerungen.de\/blog\/wp-content\/uploads\/2024\/11\/2024-11-06__06-52-32-1536x1536.jpeg 1536w, https:\/\/schubladenerinnerungen.de\/blog\/wp-content\/uploads\/2024\/11\/2024-11-06__06-52-32-60x60.jpeg 60w, https:\/\/schubladenerinnerungen.de\/blog\/wp-content\/uploads\/2024\/11\/2024-11-06__06-52-32-1250x1250.jpeg 1250w, https:\/\/schubladenerinnerungen.de\/blog\/wp-content\/uploads\/2024\/11\/2024-11-06__06-52-32-400x400.jpeg 400w, https:\/\/schubladenerinnerungen.de\/blog\/wp-content\/uploads\/2024\/11\/2024-11-06__06-52-32-200x200.jpeg 200w\" sizes=\"auto, (max-width: 1985px) 100vw, 1985px\" \/><\/a><\/figure>\n\n\n\n<div style=\"height:10px\" aria-hidden=\"true\" class=\"wp-block-spacer\"><\/div>\n\n\n\n<p class=\"wp-block-paragraph\"><strong>Mark Twain, <a href=\"https:\/\/de.wikipedia.org\/wiki\/Die_schreckliche_deutsche_Sprache\" target=\"_blank\" data-type=\"link\" data-id=\"https:\/\/de.wikipedia.org\/wiki\/Die_schreckliche_deutsche_Sprache\" rel=\"noreferrer noopener\">The Awful German Language<\/a><\/strong>.<\/p>\n\n\n\n<p class=\"wp-block-paragraph\">Deutsch ist wirklich eine wundersch\u00f6ne Sprache. Ich w\u00e4re \u00fcbergl\u00fccklich, wenn ich sie so einsetzen, sprechen und schreiben k\u00f6nnte, wie ein <strong><a href=\"https:\/\/de.wikipedia.org\/wiki\/Erich_K%C3%A4stner\" data-type=\"link\" data-id=\"https:\/\/de.wikipedia.org\/wiki\/Erich_K%C3%A4stner\" target=\"_blank\" rel=\"noreferrer noopener\">Erich K\u00e4stner<\/a><\/strong>, <strong><a href=\"https:\/\/de.wikipedia.org\/wiki\/Bertolt_Brecht\" data-type=\"link\" data-id=\"https:\/\/de.wikipedia.org\/wiki\/Bertolt_Brecht\" target=\"_blank\" rel=\"noreferrer noopener\">Bertolt Brecht<\/a><\/strong> oder <strong><a href=\"https:\/\/de.wikipedia.org\/wiki\/Walter_Benjamin\" data-type=\"link\" data-id=\"https:\/\/de.wikipedia.org\/wiki\/Walter_Benjamin\" target=\"_blank\" rel=\"noreferrer noopener\">Walter Benjamin<\/a><\/strong> &#8230; oder &#8230;<\/p>\n\n\n\n<p class=\"wp-block-paragraph\">Nat\u00fcrlich ist sie auch etwas kompliziert, und daher schwierig zu erlernen und zu verstehen. Ich beherrsche sie \u2013 wie oben genannt und gew\u00fcnscht \u2013 nach all den Jahren immer noch nicht, wie es sein k\u00f6nnte (oder sollte).<\/p>\n\n\n\n<p class=\"wp-block-paragraph\">Das Buch ist herrlich zu lesen. Ich kann einiger seiner \u201eKritikpunkte\u201c tats\u00e4chlich teilweise nachvollziehen. Auch wenn Satire mitschwinkt. All die vielen Regeln, die noch mehr Ausnahmen als L\u00f6sungen mit sich bringen.<\/p>\n\n\n\n<p class=\"wp-block-paragraph\">Was ich herrlich finde, sind die langen W\u00f6rter, die man (scheinbar) nach eigenem Willen kreieren kann, und sie trotzdem Sinn ergeben und verstanden werden. Ausser von ihm.<\/p>\n\n\n\n<p class=\"wp-block-paragraph\">Allerdings gef\u00e4llt mir das <a href=\"https:\/\/www.iq-lingua.de\/blog\/lange-deutsche-woerter-was-ist-das-laengste-deutsche-wort-der-welt\/\" data-type=\"link\" data-id=\"https:\/\/www.iq-lingua.de\/blog\/lange-deutsche-woerter-was-ist-das-laengste-deutsche-wort-der-welt\/\" target=\"_blank\" rel=\"noreferrer noopener\">allerl\u00e4ngste<\/a>, welches auch einen Eintrag im <strong>Guiness-Buch der Rekorde<\/strong> hat, so gar nicht.<\/p>\n\n\n\n<p class=\"wp-block-paragraph\">Er hatte im Buch dann noch angemerkt, dass Deutsch irgendwann zu den toten Sprachen geh\u00f6rt, wenn sie nicht gestutzt oder ausgebessert wird. Nun, ich k\u00f6nnte mir denken, dass die vergangenen Anpassungen an der Deutschen Sprache, ihm vielleicht gar nicht so sehr zugesagt h\u00e4tten &#8230;<\/p>\n\n\n\n<p class=\"wp-block-paragraph\">&#8230; vielleicht auch, weil er eventuell auf den Gedanken gekommen w\u00e4re, dass die Korrektorinnen und Korrektoren sie \u2013 wie er auch \u2013 nicht verstanden hatten &lt;\/Satire?&gt;.<\/p>\n\n\n\n<div style=\"height:25px\" aria-hidden=\"true\" class=\"wp-block-spacer\"><\/div>\n\n\n\n<figure class=\"wp-block-image size-full is-resized\"><a href=\"https:\/\/schubladenerinnerungen.de\/blog\/wp-content\/uploads\/2024\/11\/2024-11-06__07-48-53.jpeg\"><img loading=\"lazy\" decoding=\"async\" width=\"2048\" height=\"2048\" src=\"https:\/\/schubladenerinnerungen.de\/blog\/wp-content\/uploads\/2024\/11\/2024-11-06__07-48-53.jpeg\" alt=\"Ein Herbst mit viel Nebel \u2013 hier der Blick auf den Wunnenstein\" class=\"wp-image-17709\" style=\"width:840px;height:auto\" srcset=\"https:\/\/schubladenerinnerungen.de\/blog\/wp-content\/uploads\/2024\/11\/2024-11-06__07-48-53.jpeg 2048w, https:\/\/schubladenerinnerungen.de\/blog\/wp-content\/uploads\/2024\/11\/2024-11-06__07-48-53-300x300.jpeg 300w, https:\/\/schubladenerinnerungen.de\/blog\/wp-content\/uploads\/2024\/11\/2024-11-06__07-48-53-1600x1600.jpeg 1600w, https:\/\/schubladenerinnerungen.de\/blog\/wp-content\/uploads\/2024\/11\/2024-11-06__07-48-53-150x150.jpeg 150w, https:\/\/schubladenerinnerungen.de\/blog\/wp-content\/uploads\/2024\/11\/2024-11-06__07-48-53-768x768.jpeg 768w, https:\/\/schubladenerinnerungen.de\/blog\/wp-content\/uploads\/2024\/11\/2024-11-06__07-48-53-1536x1536.jpeg 1536w, https:\/\/schubladenerinnerungen.de\/blog\/wp-content\/uploads\/2024\/11\/2024-11-06__07-48-53-60x60.jpeg 60w, https:\/\/schubladenerinnerungen.de\/blog\/wp-content\/uploads\/2024\/11\/2024-11-06__07-48-53-1250x1250.jpeg 1250w, https:\/\/schubladenerinnerungen.de\/blog\/wp-content\/uploads\/2024\/11\/2024-11-06__07-48-53-400x400.jpeg 400w, https:\/\/schubladenerinnerungen.de\/blog\/wp-content\/uploads\/2024\/11\/2024-11-06__07-48-53-200x200.jpeg 200w\" sizes=\"auto, (max-width: 2048px) 100vw, 2048px\" \/><\/a><\/figure>\n\n\n\n<div style=\"height:10px\" aria-hidden=\"true\" class=\"wp-block-spacer\"><\/div>\n\n\n\n<p class=\"wp-block-paragraph\">Sumpfig. Oder auch: Der Wunnenstein ist introspektiv?<\/p>\n\n\n\n<div style=\"height:25px\" aria-hidden=\"true\" class=\"wp-block-spacer\"><\/div>\n\n\n\n<figure class=\"wp-block-image size-full is-resized\" id=\"cleese\"><a href=\"https:\/\/schubladenerinnerungen.de\/blog\/wp-content\/uploads\/2024\/11\/2024-11-06__12-40-29.jpeg\"><img loading=\"lazy\" decoding=\"async\" width=\"2048\" height=\"2048\" src=\"https:\/\/schubladenerinnerungen.de\/blog\/wp-content\/uploads\/2024\/11\/2024-11-06__12-40-29.jpeg\" alt=\"John Cleese, Creativity, A short and cheerful Guide\" class=\"wp-image-17710\" style=\"width:840px;height:auto\" srcset=\"https:\/\/schubladenerinnerungen.de\/blog\/wp-content\/uploads\/2024\/11\/2024-11-06__12-40-29.jpeg 2048w, https:\/\/schubladenerinnerungen.de\/blog\/wp-content\/uploads\/2024\/11\/2024-11-06__12-40-29-300x300.jpeg 300w, https:\/\/schubladenerinnerungen.de\/blog\/wp-content\/uploads\/2024\/11\/2024-11-06__12-40-29-1600x1600.jpeg 1600w, https:\/\/schubladenerinnerungen.de\/blog\/wp-content\/uploads\/2024\/11\/2024-11-06__12-40-29-150x150.jpeg 150w, https:\/\/schubladenerinnerungen.de\/blog\/wp-content\/uploads\/2024\/11\/2024-11-06__12-40-29-768x768.jpeg 768w, https:\/\/schubladenerinnerungen.de\/blog\/wp-content\/uploads\/2024\/11\/2024-11-06__12-40-29-1536x1536.jpeg 1536w, https:\/\/schubladenerinnerungen.de\/blog\/wp-content\/uploads\/2024\/11\/2024-11-06__12-40-29-60x60.jpeg 60w, https:\/\/schubladenerinnerungen.de\/blog\/wp-content\/uploads\/2024\/11\/2024-11-06__12-40-29-1250x1250.jpeg 1250w, https:\/\/schubladenerinnerungen.de\/blog\/wp-content\/uploads\/2024\/11\/2024-11-06__12-40-29-400x400.jpeg 400w, https:\/\/schubladenerinnerungen.de\/blog\/wp-content\/uploads\/2024\/11\/2024-11-06__12-40-29-200x200.jpeg 200w\" sizes=\"auto, (max-width: 2048px) 100vw, 2048px\" \/><\/a><\/figure>\n\n\n\n<div style=\"height:10px\" aria-hidden=\"true\" class=\"wp-block-spacer\"><\/div>\n\n\n\n<p class=\"wp-block-paragraph\"><strong>John Cleese, Creativity, <a href=\"https:\/\/www.penguin.co.uk\/books\/441254\/creativity-by-cleese-john\/9781529157529\" data-type=\"link\" data-id=\"https:\/\/www.penguin.co.uk\/books\/441254\/creativity-by-cleese-john\/9781529157529\" target=\"_blank\" rel=\"noopener\">A short and cheerful Guide<\/a><\/strong>.<\/p>\n\n\n\n<p class=\"wp-block-paragraph\">Tolle Ratschl\u00e4ge, Erz\u00e4hlungen und Erfahrungsberichte, wie man Kreativit\u00e4t (nicht nur im k\u00fcnstlerischen Bereich, sondern auch bei generellen Probleml\u00f6sungen) f\u00f6rdert, \u201eherbeibeschw\u00f6rt\u201c, beibeh\u00e4lt und anwendet.<\/p>\n\n\n\n<div style=\"height:25px\" aria-hidden=\"true\" class=\"wp-block-spacer\"><\/div>\n\n\n\n<figure class=\"wp-block-image size-full is-resized\"><a href=\"https:\/\/schubladenerinnerungen.de\/blog\/wp-content\/uploads\/2024\/11\/2024-11-09__14-19-15.jpeg\"><img loading=\"lazy\" decoding=\"async\" width=\"2048\" height=\"1536\" src=\"https:\/\/schubladenerinnerungen.de\/blog\/wp-content\/uploads\/2024\/11\/2024-11-09__14-19-15.jpeg\" alt=\"Waschmaschine bei der Arbeit\" class=\"wp-image-17711\" style=\"width:840px;height:auto\" srcset=\"https:\/\/schubladenerinnerungen.de\/blog\/wp-content\/uploads\/2024\/11\/2024-11-09__14-19-15.jpeg 2048w, https:\/\/schubladenerinnerungen.de\/blog\/wp-content\/uploads\/2024\/11\/2024-11-09__14-19-15-300x225.jpeg 300w, https:\/\/schubladenerinnerungen.de\/blog\/wp-content\/uploads\/2024\/11\/2024-11-09__14-19-15-768x576.jpeg 768w, https:\/\/schubladenerinnerungen.de\/blog\/wp-content\/uploads\/2024\/11\/2024-11-09__14-19-15-1536x1152.jpeg 1536w, https:\/\/schubladenerinnerungen.de\/blog\/wp-content\/uploads\/2024\/11\/2024-11-09__14-19-15-1250x938.jpeg 1250w, https:\/\/schubladenerinnerungen.de\/blog\/wp-content\/uploads\/2024\/11\/2024-11-09__14-19-15-400x300.jpeg 400w\" sizes=\"auto, (max-width: 2048px) 100vw, 2048px\" \/><\/a><\/figure>\n\n\n\n<div style=\"height:10px\" aria-hidden=\"true\" class=\"wp-block-spacer\"><\/div>\n\n\n\n<p class=\"wp-block-paragraph\">3-Gang-Vormittag.<\/p>\n\n\n\n<div style=\"height:25px\" aria-hidden=\"true\" class=\"wp-block-spacer\"><\/div>\n\n\n\n<figure class=\"wp-block-image size-full is-resized\"><a href=\"https:\/\/schubladenerinnerungen.de\/blog\/wp-content\/uploads\/2024\/11\/2024-11-09__15-27-06.jpeg\"><img loading=\"lazy\" decoding=\"async\" width=\"2048\" height=\"1342\" src=\"https:\/\/schubladenerinnerungen.de\/blog\/wp-content\/uploads\/2024\/11\/2024-11-09__15-27-06.jpeg\" alt=\"Die Regiswindiskirche in Laufen am Neckar\" class=\"wp-image-17712\" style=\"width:840px;height:auto\" srcset=\"https:\/\/schubladenerinnerungen.de\/blog\/wp-content\/uploads\/2024\/11\/2024-11-09__15-27-06.jpeg 2048w, https:\/\/schubladenerinnerungen.de\/blog\/wp-content\/uploads\/2024\/11\/2024-11-09__15-27-06-300x197.jpeg 300w, https:\/\/schubladenerinnerungen.de\/blog\/wp-content\/uploads\/2024\/11\/2024-11-09__15-27-06-768x503.jpeg 768w, https:\/\/schubladenerinnerungen.de\/blog\/wp-content\/uploads\/2024\/11\/2024-11-09__15-27-06-1536x1007.jpeg 1536w, https:\/\/schubladenerinnerungen.de\/blog\/wp-content\/uploads\/2024\/11\/2024-11-09__15-27-06-1250x819.jpeg 1250w, https:\/\/schubladenerinnerungen.de\/blog\/wp-content\/uploads\/2024\/11\/2024-11-09__15-27-06-400x262.jpeg 400w\" sizes=\"auto, (max-width: 2048px) 100vw, 2048px\" \/><\/a><\/figure>\n\n\n\n<div style=\"height:10px\" aria-hidden=\"true\" class=\"wp-block-spacer\"><\/div>\n\n\n\n<p class=\"wp-block-paragraph\">Die <strong><a href=\"https:\/\/de.wikipedia.org\/wiki\/Regiswindiskirche_(Lauffen_am_Neckar)\" target=\"_blank\" data-type=\"link\" data-id=\"https:\/\/de.wikipedia.org\/wiki\/Regiswindiskirche_(Lauffen_am_Neckar)\" rel=\"noreferrer noopener\">Lauffener Regiswindis Kirche<\/a><\/strong> am friedlichen <strong><a href=\"https:\/\/de.wikipedia.org\/wiki\/Neckar\" target=\"_blank\" data-type=\"link\" data-id=\"https:\/\/de.wikipedia.org\/wiki\/Neckar\" rel=\"noreferrer noopener\">Nik<\/a><\/strong>.<\/p>\n\n\n\n<div style=\"height:25px\" aria-hidden=\"true\" class=\"wp-block-spacer\"><\/div>\n\n\n    <video-js id=\"videojs69f0b0579ae28\" class=\"vjs-big-play-centered\" controls preload=\"auto\" poster=\"https:\/\/schubladenerinnerungen.de\/blog\/wp-content\/uploads\/2024\/11\/Espresso.png\" playsinline data-setup='{\"fluid\": true}'>\r\n        <source src=\"https:\/\/schubladenerinnerungen.de\/blog\/wp-content\/uploads\/2024\/11\/Espresso.mp4\" type=\"video\/mp4\" \/>\r\n    <\/video-js>\r\n           \n\n\n\n<div style=\"height:10px\" aria-hidden=\"true\" class=\"wp-block-spacer\"><\/div>\n\n\n\n<p class=\"wp-block-paragraph\">Scheiss drauf! Weihnachtsgeb\u00e4ck geht auch Anfang November. Mokapresso sowieso immer.<\/p>\n\n\n\n<div style=\"height:25px\" aria-hidden=\"true\" class=\"wp-block-spacer\"><\/div>\n\n\n\n<figure class=\"wp-block-image size-full is-resized\"><a href=\"https:\/\/schubladenerinnerungen.de\/blog\/wp-content\/uploads\/2024\/11\/2024-11-09__15-32-00.jpeg\"><img loading=\"lazy\" decoding=\"async\" width=\"2048\" height=\"2048\" src=\"https:\/\/schubladenerinnerungen.de\/blog\/wp-content\/uploads\/2024\/11\/2024-11-09__15-32-00.jpeg\" alt=\"Der alte Friedhof in Lauffen am Neckar\" class=\"wp-image-17713\" style=\"width:840px;height:auto\" srcset=\"https:\/\/schubladenerinnerungen.de\/blog\/wp-content\/uploads\/2024\/11\/2024-11-09__15-32-00.jpeg 2048w, https:\/\/schubladenerinnerungen.de\/blog\/wp-content\/uploads\/2024\/11\/2024-11-09__15-32-00-300x300.jpeg 300w, https:\/\/schubladenerinnerungen.de\/blog\/wp-content\/uploads\/2024\/11\/2024-11-09__15-32-00-1600x1600.jpeg 1600w, https:\/\/schubladenerinnerungen.de\/blog\/wp-content\/uploads\/2024\/11\/2024-11-09__15-32-00-150x150.jpeg 150w, https:\/\/schubladenerinnerungen.de\/blog\/wp-content\/uploads\/2024\/11\/2024-11-09__15-32-00-768x768.jpeg 768w, https:\/\/schubladenerinnerungen.de\/blog\/wp-content\/uploads\/2024\/11\/2024-11-09__15-32-00-1536x1536.jpeg 1536w, https:\/\/schubladenerinnerungen.de\/blog\/wp-content\/uploads\/2024\/11\/2024-11-09__15-32-00-60x60.jpeg 60w, https:\/\/schubladenerinnerungen.de\/blog\/wp-content\/uploads\/2024\/11\/2024-11-09__15-32-00-1250x1250.jpeg 1250w, https:\/\/schubladenerinnerungen.de\/blog\/wp-content\/uploads\/2024\/11\/2024-11-09__15-32-00-400x400.jpeg 400w, https:\/\/schubladenerinnerungen.de\/blog\/wp-content\/uploads\/2024\/11\/2024-11-09__15-32-00-200x200.jpeg 200w\" sizes=\"auto, (max-width: 2048px) 100vw, 2048px\" \/><\/a><\/figure>\n\n\n\n<div style=\"height:10px\" aria-hidden=\"true\" class=\"wp-block-spacer\"><\/div>\n\n\n\n<p class=\"wp-block-paragraph\">Der Weg durch den alten Friedhof ist tats\u00e4chlich einer der vielen Lieblingswege. Da wird man auf jeden Fall introspektiv.<\/p>\n\n\n\n<div style=\"height:25px\" aria-hidden=\"true\" id=\"dadanaut\" class=\"wp-block-spacer\"><\/div>\n\n\n\n<figure class=\"wp-block-image size-full is-resized\"><a href=\"https:\/\/schubladenerinnerungen.de\/blog\/wp-content\/uploads\/2024\/11\/2024-11-09__17-15-24.jpeg\"><img loading=\"lazy\" decoding=\"async\" width=\"2048\" height=\"1324\" src=\"https:\/\/schubladenerinnerungen.de\/blog\/wp-content\/uploads\/2024\/11\/2024-11-09__17-15-24.jpeg\" alt=\"Linux-Laptop mit der DAW Bitwig\" class=\"wp-image-17715\" style=\"width:840px;height:auto\" srcset=\"https:\/\/schubladenerinnerungen.de\/blog\/wp-content\/uploads\/2024\/11\/2024-11-09__17-15-24.jpeg 2048w, https:\/\/schubladenerinnerungen.de\/blog\/wp-content\/uploads\/2024\/11\/2024-11-09__17-15-24-300x194.jpeg 300w, https:\/\/schubladenerinnerungen.de\/blog\/wp-content\/uploads\/2024\/11\/2024-11-09__17-15-24-768x497.jpeg 768w, https:\/\/schubladenerinnerungen.de\/blog\/wp-content\/uploads\/2024\/11\/2024-11-09__17-15-24-1536x993.jpeg 1536w, https:\/\/schubladenerinnerungen.de\/blog\/wp-content\/uploads\/2024\/11\/2024-11-09__17-15-24-1250x808.jpeg 1250w, https:\/\/schubladenerinnerungen.de\/blog\/wp-content\/uploads\/2024\/11\/2024-11-09__17-15-24-400x259.jpeg 400w\" sizes=\"auto, (max-width: 2048px) 100vw, 2048px\" \/><\/a><\/figure>\n\n\n\n<div style=\"height:10px\" aria-hidden=\"true\" id=\"klimbim\" class=\"wp-block-spacer\"><\/div>\n\n\n\n<figure class=\"wp-block-audio\"><audio controls src=\"https:\/\/schubladenerinnerungen.de\/blog\/wp-content\/uploads\/2024\/11\/Traum-07.mp3\" preload=\"auto\"><\/audio><\/figure>\n\n\n\n<div style=\"height:10px\" aria-hidden=\"true\" class=\"wp-block-spacer\"><\/div>\n\n\n\n<p class=\"wp-block-paragraph\">Musikmaschine.<\/p>\n\n\n\n<p class=\"wp-block-paragraph\"><strong>Klimbim<\/strong> in der Version 7. Ein Wochenend-Jam. Das Lied ist noch lange nicht fertig&#8230;<\/p>\n\n\n\n<div style=\"height:25px\" aria-hidden=\"true\" class=\"wp-block-spacer\"><\/div>\n\n\n\n<figure class=\"wp-block-image size-full is-resized\"><a href=\"https:\/\/schubladenerinnerungen.de\/blog\/wp-content\/uploads\/2024\/11\/2024-11-09__16-57-05.jpeg\"><img loading=\"lazy\" decoding=\"async\" width=\"1531\" height=\"2048\" src=\"https:\/\/schubladenerinnerungen.de\/blog\/wp-content\/uploads\/2024\/11\/2024-11-09__16-57-05.jpeg\" alt=\"Meine F\u00fc\u00dfe im Zug nach Heilbronn. Trotz kaputt gesparter Bahn, ging es mal ohne Probleme. Liebe DB, so sollte das immer sein.\" class=\"wp-image-17714\" style=\"width:840px;height:auto\" srcset=\"https:\/\/schubladenerinnerungen.de\/blog\/wp-content\/uploads\/2024\/11\/2024-11-09__16-57-05.jpeg 1531w, https:\/\/schubladenerinnerungen.de\/blog\/wp-content\/uploads\/2024\/11\/2024-11-09__16-57-05-224x300.jpeg 224w, https:\/\/schubladenerinnerungen.de\/blog\/wp-content\/uploads\/2024\/11\/2024-11-09__16-57-05-1196x1600.jpeg 1196w, https:\/\/schubladenerinnerungen.de\/blog\/wp-content\/uploads\/2024\/11\/2024-11-09__16-57-05-768x1027.jpeg 768w, https:\/\/schubladenerinnerungen.de\/blog\/wp-content\/uploads\/2024\/11\/2024-11-09__16-57-05-1148x1536.jpeg 1148w, https:\/\/schubladenerinnerungen.de\/blog\/wp-content\/uploads\/2024\/11\/2024-11-09__16-57-05-1250x1672.jpeg 1250w, https:\/\/schubladenerinnerungen.de\/blog\/wp-content\/uploads\/2024\/11\/2024-11-09__16-57-05-400x535.jpeg 400w\" sizes=\"auto, (max-width: 1531px) 100vw, 1531px\" \/><\/a><\/figure>\n\n\n\n<div style=\"height:10px\" aria-hidden=\"true\" class=\"wp-block-spacer\"><\/div>\n\n\n\n<p class=\"wp-block-paragraph\">Meine erste Zugreise ohne Versp\u00e4tung oder sonstige Probleme. Seit Ewigkeiten. Wo ist der Wandkalender, um ein Kreuzle zu machen?<\/p>\n\n\n\n<div style=\"height:25px\" aria-hidden=\"true\" class=\"wp-block-spacer\"><\/div>\n\n\n\n<figure class=\"wp-block-image size-full is-resized\"><a href=\"https:\/\/schubladenerinnerungen.de\/blog\/wp-content\/uploads\/2024\/11\/2024-11-09__20-00-59.jpeg\"><img loading=\"lazy\" decoding=\"async\" width=\"2048\" height=\"1386\" src=\"https:\/\/schubladenerinnerungen.de\/blog\/wp-content\/uploads\/2024\/11\/2024-11-09__20-00-59.jpeg\" alt=\"Bierglas im Craftelicious, Heilbronn\" class=\"wp-image-17716\" style=\"width:840px;height:auto\" srcset=\"https:\/\/schubladenerinnerungen.de\/blog\/wp-content\/uploads\/2024\/11\/2024-11-09__20-00-59.jpeg 2048w, https:\/\/schubladenerinnerungen.de\/blog\/wp-content\/uploads\/2024\/11\/2024-11-09__20-00-59-300x203.jpeg 300w, https:\/\/schubladenerinnerungen.de\/blog\/wp-content\/uploads\/2024\/11\/2024-11-09__20-00-59-768x520.jpeg 768w, https:\/\/schubladenerinnerungen.de\/blog\/wp-content\/uploads\/2024\/11\/2024-11-09__20-00-59-1536x1040.jpeg 1536w, https:\/\/schubladenerinnerungen.de\/blog\/wp-content\/uploads\/2024\/11\/2024-11-09__20-00-59-1250x846.jpeg 1250w, https:\/\/schubladenerinnerungen.de\/blog\/wp-content\/uploads\/2024\/11\/2024-11-09__20-00-59-400x271.jpeg 400w\" sizes=\"auto, (max-width: 2048px) 100vw, 2048px\" \/><\/a><\/figure>\n\n\n\n<div style=\"height:10px\" aria-hidden=\"true\" class=\"wp-block-spacer\"><\/div>\n\n\n\n<p class=\"wp-block-paragraph\">Ein verheerend sch\u00f6ner Abend im <strong><a href=\"https:\/\/www.craftelicious.de\/\" data-type=\"link\" data-id=\"https:\/\/www.craftelicious.de\/\" target=\"_blank\" rel=\"noreferrer noopener\">Craftelicious<\/a><\/strong>. Mit Vorgl\u00fchen im <strong><a href=\"https:\/\/www.hig-hn.de\/\" data-type=\"link\" data-id=\"https:\/\/www.hig-hn.de\/\" target=\"_blank\" rel=\"noreferrer noopener\">Hans im Gl\u00fcck<\/a><\/strong>. So als Premiere (ein Leben lang dran vorbei gelaufen\/geradelt), und jetzt erst das erste Mal drin gewesen und f\u00fcr gut befunden.<\/p>\n\n\n\n<p class=\"wp-block-paragraph\">Nach dem Abend war das <strong><a href=\"https:\/\/yankeeundkraut.de\/collections\/bier\/products\/bobr-ddh-new-age-west-coast-ipa\" data-type=\"link\" data-id=\"https:\/\/yankeeundkraut.de\/collections\/bier\/products\/bobr-ddh-new-age-west-coast-ipa\" target=\"_blank\" rel=\"noreferrer noopener\">B\u00d3BR<\/a><\/strong> tats\u00e4chlich ausverkauft. Vorerst. Ein traumhaft gutes Bier.<\/p>\n\n\n\n<div style=\"height:25px\" aria-hidden=\"true\" class=\"wp-block-spacer\"><\/div>\n\n\n\n<figure class=\"wp-block-image size-full is-resized\"><a href=\"https:\/\/schubladenerinnerungen.de\/blog\/wp-content\/uploads\/2024\/11\/2024-11-10__11-41-40.jpeg\"><img loading=\"lazy\" decoding=\"async\" width=\"2048\" height=\"2048\" src=\"https:\/\/schubladenerinnerungen.de\/blog\/wp-content\/uploads\/2024\/11\/2024-11-10__11-41-40.jpeg\" alt=\"Herbstlicher Waldweg \u2013 Forchenwald, Lauffen am Neckar\" class=\"wp-image-17717\" style=\"width:840px;height:auto\" srcset=\"https:\/\/schubladenerinnerungen.de\/blog\/wp-content\/uploads\/2024\/11\/2024-11-10__11-41-40.jpeg 2048w, https:\/\/schubladenerinnerungen.de\/blog\/wp-content\/uploads\/2024\/11\/2024-11-10__11-41-40-300x300.jpeg 300w, https:\/\/schubladenerinnerungen.de\/blog\/wp-content\/uploads\/2024\/11\/2024-11-10__11-41-40-1600x1600.jpeg 1600w, https:\/\/schubladenerinnerungen.de\/blog\/wp-content\/uploads\/2024\/11\/2024-11-10__11-41-40-150x150.jpeg 150w, https:\/\/schubladenerinnerungen.de\/blog\/wp-content\/uploads\/2024\/11\/2024-11-10__11-41-40-768x768.jpeg 768w, https:\/\/schubladenerinnerungen.de\/blog\/wp-content\/uploads\/2024\/11\/2024-11-10__11-41-40-1536x1536.jpeg 1536w, https:\/\/schubladenerinnerungen.de\/blog\/wp-content\/uploads\/2024\/11\/2024-11-10__11-41-40-60x60.jpeg 60w, https:\/\/schubladenerinnerungen.de\/blog\/wp-content\/uploads\/2024\/11\/2024-11-10__11-41-40-1250x1250.jpeg 1250w, https:\/\/schubladenerinnerungen.de\/blog\/wp-content\/uploads\/2024\/11\/2024-11-10__11-41-40-400x400.jpeg 400w, https:\/\/schubladenerinnerungen.de\/blog\/wp-content\/uploads\/2024\/11\/2024-11-10__11-41-40-200x200.jpeg 200w\" sizes=\"auto, (max-width: 2048px) 100vw, 2048px\" \/><\/a><\/figure>\n\n\n\n<div style=\"height:10px\" aria-hidden=\"true\" class=\"wp-block-spacer\"><\/div>\n\n\n\n<p class=\"wp-block-paragraph\">Ganz sch\u00f6n laubig, der <strong>Forchenwald<\/strong>.<\/p>\n\n\n\n<div style=\"height:25px\" aria-hidden=\"true\" class=\"wp-block-spacer\"><\/div>\n\n\n\n<figure class=\"wp-block-image size-full is-resized\" id=\"princessbride\"><a href=\"https:\/\/schubladenerinnerungen.de\/blog\/wp-content\/uploads\/2024\/11\/IMG_20241115_065151.jpeg\"><img loading=\"lazy\" decoding=\"async\" width=\"2048\" height=\"2048\" src=\"https:\/\/schubladenerinnerungen.de\/blog\/wp-content\/uploads\/2024\/11\/IMG_20241115_065151.jpeg\" alt=\"William Goldman, The Princess Bride\" class=\"wp-image-17754\" style=\"width:840px;height:auto\" srcset=\"https:\/\/schubladenerinnerungen.de\/blog\/wp-content\/uploads\/2024\/11\/IMG_20241115_065151.jpeg 2048w, https:\/\/schubladenerinnerungen.de\/blog\/wp-content\/uploads\/2024\/11\/IMG_20241115_065151-300x300.jpeg 300w, https:\/\/schubladenerinnerungen.de\/blog\/wp-content\/uploads\/2024\/11\/IMG_20241115_065151-1600x1600.jpeg 1600w, https:\/\/schubladenerinnerungen.de\/blog\/wp-content\/uploads\/2024\/11\/IMG_20241115_065151-150x150.jpeg 150w, https:\/\/schubladenerinnerungen.de\/blog\/wp-content\/uploads\/2024\/11\/IMG_20241115_065151-768x768.jpeg 768w, https:\/\/schubladenerinnerungen.de\/blog\/wp-content\/uploads\/2024\/11\/IMG_20241115_065151-1536x1536.jpeg 1536w, https:\/\/schubladenerinnerungen.de\/blog\/wp-content\/uploads\/2024\/11\/IMG_20241115_065151-60x60.jpeg 60w, https:\/\/schubladenerinnerungen.de\/blog\/wp-content\/uploads\/2024\/11\/IMG_20241115_065151-1250x1250.jpeg 1250w, https:\/\/schubladenerinnerungen.de\/blog\/wp-content\/uploads\/2024\/11\/IMG_20241115_065151-400x400.jpeg 400w, https:\/\/schubladenerinnerungen.de\/blog\/wp-content\/uploads\/2024\/11\/IMG_20241115_065151-200x200.jpeg 200w\" sizes=\"auto, (max-width: 2048px) 100vw, 2048px\" \/><\/a><\/figure>\n\n\n\n<div style=\"height:10px\" aria-hidden=\"true\" class=\"wp-block-spacer\"><\/div>\n\n\n\n<p class=\"wp-block-paragraph\"><strong>William Goldman, <a href=\"https:\/\/en.wikipedia.org\/wiki\/The_Princess_Bride_(novel)\" target=\"_blank\" data-type=\"link\" data-id=\"https:\/\/en.wikipedia.org\/wiki\/The_Princess_Bride_(novel)\" rel=\"noreferrer noopener\">The Princess Bride<\/a>.<\/strong><\/p>\n\n\n\n<p class=\"wp-block-paragraph\">Ich mag alles: <a href=\"#princessbride\" data-type=\"internal\" data-id=\"#princessbride\">Das Buch<\/a>. <a href=\"https:\/\/www.imdb.com\/title\/tt0093779\/\" data-type=\"link\" data-id=\"https:\/\/www.imdb.com\/title\/tt0093779\/\" target=\"_blank\" rel=\"noreferrer noopener\">Den Film<\/a>. <a href=\"https:\/\/www.youtube.com\/watch?v=tgVAA7crk8g&amp;list=PL_TaS3ukydpJ9VDlNK25z9kDRmaB3I71g\" data-type=\"link\" data-id=\"https:\/\/www.youtube.com\/watch?v=tgVAA7crk8g&amp;list=PL_TaS3ukydpJ9VDlNK25z9kDRmaB3I71g\" target=\"_blank\" rel=\"noopener\">Die Filmmusik<\/a>\/<a href=\"https:\/\/www.youtube.com\/watch?v=svbv0ArjPGU\" data-type=\"link\" data-id=\"https:\/\/www.youtube.com\/watch?v=svbv0ArjPGU\" target=\"_blank\" rel=\"noreferrer noopener\">Das Schlusslied<\/a>.<\/p>\n\n\n\n<p class=\"wp-block-paragraph\">Es ist Englischer Monat. Bevor mir diese Sprache entschwindet &#8230;<\/p>\n\n\n\n<div style=\"height:25px\" aria-hidden=\"true\" class=\"wp-block-spacer\"><\/div>\n\n\n\n<figure class=\"wp-block-image size-full is-resized\"><a href=\"https:\/\/schubladenerinnerungen.de\/blog\/wp-content\/uploads\/2024\/11\/2024-11-17__11-42-48.jpeg\"><img loading=\"lazy\" decoding=\"async\" width=\"1443\" height=\"2048\" src=\"https:\/\/schubladenerinnerungen.de\/blog\/wp-content\/uploads\/2024\/11\/2024-11-17__11-42-48.jpeg\" alt=\"Die Stra\u00dfe zwischen Kirchheim am Neckar und Lauffen am Neckar wird saniert - auch so, das Panzer drauf fahren k\u00f6nnen\" class=\"wp-image-17779\" style=\"width:840px;height:auto\" srcset=\"https:\/\/schubladenerinnerungen.de\/blog\/wp-content\/uploads\/2024\/11\/2024-11-17__11-42-48.jpeg 1443w, https:\/\/schubladenerinnerungen.de\/blog\/wp-content\/uploads\/2024\/11\/2024-11-17__11-42-48-211x300.jpeg 211w, https:\/\/schubladenerinnerungen.de\/blog\/wp-content\/uploads\/2024\/11\/2024-11-17__11-42-48-1127x1600.jpeg 1127w, https:\/\/schubladenerinnerungen.de\/blog\/wp-content\/uploads\/2024\/11\/2024-11-17__11-42-48-768x1090.jpeg 768w, https:\/\/schubladenerinnerungen.de\/blog\/wp-content\/uploads\/2024\/11\/2024-11-17__11-42-48-1082x1536.jpeg 1082w, https:\/\/schubladenerinnerungen.de\/blog\/wp-content\/uploads\/2024\/11\/2024-11-17__11-42-48-1250x1774.jpeg 1250w, https:\/\/schubladenerinnerungen.de\/blog\/wp-content\/uploads\/2024\/11\/2024-11-17__11-42-48-400x568.jpeg 400w\" sizes=\"auto, (max-width: 1443px) 100vw, 1443px\" \/><\/a><\/figure>\n\n\n\n<div style=\"height:10px\" aria-hidden=\"true\" class=\"wp-block-spacer\"><\/div>\n\n\n\n<figure class=\"wp-block-image size-full is-resized\"><a href=\"https:\/\/schubladenerinnerungen.de\/blog\/wp-content\/uploads\/2024\/11\/2024-11-17__11-43-06.jpeg\"><img loading=\"lazy\" decoding=\"async\" width=\"2048\" height=\"1348\" src=\"https:\/\/schubladenerinnerungen.de\/blog\/wp-content\/uploads\/2024\/11\/2024-11-17__11-43-06.jpeg\" alt=\"Ganz sch\u00f6n dicker Untergrund - die Stra\u00dfe zwischen Kirchheim am Neckar und Lauffen am Neckar wird saniert - auch so, das Panzer drauf fahren k\u00f6nnen\" class=\"wp-image-17797\" style=\"width:840px;height:auto\" srcset=\"https:\/\/schubladenerinnerungen.de\/blog\/wp-content\/uploads\/2024\/11\/2024-11-17__11-43-06.jpeg 2048w, https:\/\/schubladenerinnerungen.de\/blog\/wp-content\/uploads\/2024\/11\/2024-11-17__11-43-06-300x197.jpeg 300w, https:\/\/schubladenerinnerungen.de\/blog\/wp-content\/uploads\/2024\/11\/2024-11-17__11-43-06-768x506.jpeg 768w, https:\/\/schubladenerinnerungen.de\/blog\/wp-content\/uploads\/2024\/11\/2024-11-17__11-43-06-1536x1011.jpeg 1536w, https:\/\/schubladenerinnerungen.de\/blog\/wp-content\/uploads\/2024\/11\/2024-11-17__11-43-06-1250x823.jpeg 1250w, https:\/\/schubladenerinnerungen.de\/blog\/wp-content\/uploads\/2024\/11\/2024-11-17__11-43-06-400x263.jpeg 400w\" sizes=\"auto, (max-width: 2048px) 100vw, 2048px\" \/><\/a><\/figure>\n\n\n\n<div style=\"height:10px\" aria-hidden=\"true\" id=\"sturmbrecher\" class=\"wp-block-spacer\"><\/div>\n\n\n\n<figure class=\"wp-block-audio\"><audio controls src=\"https:\/\/schubladenerinnerungen.de\/blog\/wp-content\/uploads\/2024\/11\/Wirrsal-02.mp3\" preload=\"auto\"><\/audio><\/figure>\n\n\n\n<div style=\"height:10px\" aria-hidden=\"true\" class=\"wp-block-spacer\"><\/div>\n\n\n\n<p class=\"wp-block-paragraph\">Neue Stra\u00dfe zwischen <strong>Kirchheim am Neckar<\/strong> und <strong>Lauffen am Neckar<\/strong>. Auch f\u00fcr <a href=\"https:\/\/de.wikipedia.org\/wiki\/Panzerstra%C3%9Fe\" data-type=\"link\" data-id=\"https:\/\/de.wikipedia.org\/wiki\/Panzerstra%C3%9Fe\" target=\"_blank\" rel=\"noreferrer noopener\">Panzer<\/a>? Dann muss die aber sp\u00e4testens in <a href=\"https:\/\/www.zeit.de\/politik\/ausland\/2024-02\/nato-bundeswehr-russland-ukraine-angriff\" data-type=\"link\" data-id=\"https:\/\/www.zeit.de\/politik\/ausland\/2024-02\/nato-bundeswehr-russland-ukraine-angriff\" target=\"_blank\" rel=\"noreferrer noopener\">f\u00fcnf Jahren<\/a> fertig sein (f\u00fcr Entscheider sollte es eine w\u00f6chentliche Pflicht\u00fcbung sein, introspektiv zu sein \u2013 vielleicht sogar gef\u00fchrt).<\/p>\n\n\n\n<div style=\"height:25px\" aria-hidden=\"true\" class=\"wp-block-spacer\"><\/div>\n\n\n\n<figure class=\"wp-block-image size-full is-resized\"><a href=\"https:\/\/schubladenerinnerungen.de\/blog\/wp-content\/uploads\/2024\/11\/2024-11-17__12-26-13.jpeg\"><img loading=\"lazy\" decoding=\"async\" width=\"2048\" height=\"1457\" src=\"https:\/\/schubladenerinnerungen.de\/blog\/wp-content\/uploads\/2024\/11\/2024-11-17__12-26-13.jpeg\" alt=\"Blick auf die Vogelinsel im Herbst, Lauffen am Neckar\" class=\"wp-image-17780\" style=\"width:840px;height:auto\" srcset=\"https:\/\/schubladenerinnerungen.de\/blog\/wp-content\/uploads\/2024\/11\/2024-11-17__12-26-13.jpeg 2048w, https:\/\/schubladenerinnerungen.de\/blog\/wp-content\/uploads\/2024\/11\/2024-11-17__12-26-13-300x213.jpeg 300w, https:\/\/schubladenerinnerungen.de\/blog\/wp-content\/uploads\/2024\/11\/2024-11-17__12-26-13-768x546.jpeg 768w, https:\/\/schubladenerinnerungen.de\/blog\/wp-content\/uploads\/2024\/11\/2024-11-17__12-26-13-1536x1093.jpeg 1536w, https:\/\/schubladenerinnerungen.de\/blog\/wp-content\/uploads\/2024\/11\/2024-11-17__12-26-13-1250x889.jpeg 1250w, https:\/\/schubladenerinnerungen.de\/blog\/wp-content\/uploads\/2024\/11\/2024-11-17__12-26-13-400x285.jpeg 400w\" sizes=\"auto, (max-width: 2048px) 100vw, 2048px\" \/><\/a><\/figure>\n\n\n\n<div style=\"height:10px\" aria-hidden=\"true\" class=\"wp-block-spacer\"><\/div>\n\n\n\n<p class=\"wp-block-paragraph\">Der Blick auf die herbstliche <strong><a href=\"https:\/\/www.nabu.de\/news\/2010\/11925.html\" data-type=\"link\" data-id=\"https:\/\/www.nabu.de\/news\/2010\/11925.html\" target=\"_blank\" rel=\"noreferrer noopener\">Vogelinsel<\/a><\/strong>. Und die <strong><a href=\"https:\/\/burgenarchiv.de\/burg_lauffen_in_baden-wuerttemberg\" data-type=\"link\" data-id=\"https:\/\/burgenarchiv.de\/burg_lauffen_in_baden-wuerttemberg\" target=\"_blank\" rel=\"noreferrer noopener\">Burg<\/a><\/strong> kann sich auch noch etwas verstecken.<\/p>\n\n\n\n<div style=\"height:25px\" aria-hidden=\"true\" class=\"wp-block-spacer\"><\/div>\n\n\n\n<figure class=\"wp-block-image size-full is-resized\"><a href=\"https:\/\/schubladenerinnerungen.de\/blog\/wp-content\/uploads\/2024\/11\/2024-11-18__07-50-53.jpeg\"><img loading=\"lazy\" decoding=\"async\" width=\"2048\" height=\"2048\" src=\"https:\/\/schubladenerinnerungen.de\/blog\/wp-content\/uploads\/2024\/11\/2024-11-18__07-50-53.jpeg\" alt=\"Laubtunnel\" class=\"wp-image-17781\" style=\"width:840px;height:auto\" srcset=\"https:\/\/schubladenerinnerungen.de\/blog\/wp-content\/uploads\/2024\/11\/2024-11-18__07-50-53.jpeg 2048w, https:\/\/schubladenerinnerungen.de\/blog\/wp-content\/uploads\/2024\/11\/2024-11-18__07-50-53-300x300.jpeg 300w, https:\/\/schubladenerinnerungen.de\/blog\/wp-content\/uploads\/2024\/11\/2024-11-18__07-50-53-1600x1600.jpeg 1600w, https:\/\/schubladenerinnerungen.de\/blog\/wp-content\/uploads\/2024\/11\/2024-11-18__07-50-53-150x150.jpeg 150w, https:\/\/schubladenerinnerungen.de\/blog\/wp-content\/uploads\/2024\/11\/2024-11-18__07-50-53-768x768.jpeg 768w, https:\/\/schubladenerinnerungen.de\/blog\/wp-content\/uploads\/2024\/11\/2024-11-18__07-50-53-1536x1536.jpeg 1536w, https:\/\/schubladenerinnerungen.de\/blog\/wp-content\/uploads\/2024\/11\/2024-11-18__07-50-53-60x60.jpeg 60w, https:\/\/schubladenerinnerungen.de\/blog\/wp-content\/uploads\/2024\/11\/2024-11-18__07-50-53-1250x1250.jpeg 1250w, https:\/\/schubladenerinnerungen.de\/blog\/wp-content\/uploads\/2024\/11\/2024-11-18__07-50-53-400x400.jpeg 400w, https:\/\/schubladenerinnerungen.de\/blog\/wp-content\/uploads\/2024\/11\/2024-11-18__07-50-53-200x200.jpeg 200w\" sizes=\"auto, (max-width: 2048px) 100vw, 2048px\" \/><\/a><\/figure>\n\n\n\n<div style=\"height:10px\" aria-hidden=\"true\" class=\"wp-block-spacer\"><\/div>\n\n\n\n<p class=\"wp-block-paragraph\">Der Tunnel wird heller.<\/p>\n\n\n\n<div style=\"height:25px\" aria-hidden=\"true\" class=\"wp-block-spacer\"><\/div>\n\n\n\n<figure class=\"wp-block-image size-full is-resized\"><a href=\"https:\/\/schubladenerinnerungen.de\/blog\/wp-content\/uploads\/2024\/11\/2024-11-19__07-04-09.jpeg\"><img loading=\"lazy\" decoding=\"async\" width=\"2048\" height=\"1355\" src=\"https:\/\/schubladenerinnerungen.de\/blog\/wp-content\/uploads\/2024\/11\/2024-11-19__07-04-09.jpeg\" alt=\"Sanierungsarbeiten an der alten Neckarbr\u00fccke in Lauffen am Neckar\" class=\"wp-image-17783\" style=\"width:840px;height:auto\" srcset=\"https:\/\/schubladenerinnerungen.de\/blog\/wp-content\/uploads\/2024\/11\/2024-11-19__07-04-09.jpeg 2048w, https:\/\/schubladenerinnerungen.de\/blog\/wp-content\/uploads\/2024\/11\/2024-11-19__07-04-09-300x198.jpeg 300w, https:\/\/schubladenerinnerungen.de\/blog\/wp-content\/uploads\/2024\/11\/2024-11-19__07-04-09-768x508.jpeg 768w, https:\/\/schubladenerinnerungen.de\/blog\/wp-content\/uploads\/2024\/11\/2024-11-19__07-04-09-1536x1016.jpeg 1536w, https:\/\/schubladenerinnerungen.de\/blog\/wp-content\/uploads\/2024\/11\/2024-11-19__07-04-09-1250x827.jpeg 1250w, https:\/\/schubladenerinnerungen.de\/blog\/wp-content\/uploads\/2024\/11\/2024-11-19__07-04-09-400x265.jpeg 400w\" sizes=\"auto, (max-width: 2048px) 100vw, 2048px\" \/><\/a><\/figure>\n\n\n\n<div style=\"height:10px\" aria-hidden=\"true\" class=\"wp-block-spacer\"><\/div>\n\n\n\n<p class=\"wp-block-paragraph\">Die <strong><a href=\"https:\/\/www.lauffen.de\/website\/de\/tourismus\/lauffen_erleben\/historischer-stadtrundgang\/alte-neckarbruecke\" data-type=\"link\" data-id=\"https:\/\/www.lauffen.de\/website\/de\/tourismus\/lauffen_erleben\/historischer-stadtrundgang\/alte-neckarbruecke\" target=\"_blank\" rel=\"noopener\">alte Neckarbr\u00fccke in Lauffen<\/a><\/strong> wird saniert. Hier wird die Ankunft der Hilfstr\u00e4ger vorbereitet.<\/p>\n\n\n\n<a href=\"https:\/\/schubladenerinnerungen.de\/blog\/wp-content\/uploads\/2024\/11\/Brueckensanierung-Stadtverwaltung-Lauffen.png\" loading=\"lazy\" decoding=\"async\" data-lightbox=\"element_1\">Da war ganz sch\u00f6n was los.<\/a>\n\n\n\n<div style=\"height:25px\" aria-hidden=\"true\" class=\"wp-block-spacer\"><\/div>\n\n\n\n<figure class=\"wp-block-image size-full is-resized\"><a href=\"https:\/\/schubladenerinnerungen.de\/blog\/wp-content\/uploads\/2024\/11\/2024-11-19__07-30-47.jpeg\"><img loading=\"lazy\" decoding=\"async\" width=\"2048\" height=\"2048\" src=\"https:\/\/schubladenerinnerungen.de\/blog\/wp-content\/uploads\/2024\/11\/2024-11-19__07-30-47.jpeg\" alt=\"Stau vor Ilsfeld \u2013 Ursache war wohl ein Unfall auf der Autobahn\" class=\"wp-image-17784\" style=\"width:840px;height:auto\" srcset=\"https:\/\/schubladenerinnerungen.de\/blog\/wp-content\/uploads\/2024\/11\/2024-11-19__07-30-47.jpeg 2048w, https:\/\/schubladenerinnerungen.de\/blog\/wp-content\/uploads\/2024\/11\/2024-11-19__07-30-47-300x300.jpeg 300w, https:\/\/schubladenerinnerungen.de\/blog\/wp-content\/uploads\/2024\/11\/2024-11-19__07-30-47-1600x1600.jpeg 1600w, https:\/\/schubladenerinnerungen.de\/blog\/wp-content\/uploads\/2024\/11\/2024-11-19__07-30-47-150x150.jpeg 150w, https:\/\/schubladenerinnerungen.de\/blog\/wp-content\/uploads\/2024\/11\/2024-11-19__07-30-47-768x768.jpeg 768w, https:\/\/schubladenerinnerungen.de\/blog\/wp-content\/uploads\/2024\/11\/2024-11-19__07-30-47-1536x1536.jpeg 1536w, https:\/\/schubladenerinnerungen.de\/blog\/wp-content\/uploads\/2024\/11\/2024-11-19__07-30-47-60x60.jpeg 60w, https:\/\/schubladenerinnerungen.de\/blog\/wp-content\/uploads\/2024\/11\/2024-11-19__07-30-47-1250x1250.jpeg 1250w, https:\/\/schubladenerinnerungen.de\/blog\/wp-content\/uploads\/2024\/11\/2024-11-19__07-30-47-400x400.jpeg 400w, https:\/\/schubladenerinnerungen.de\/blog\/wp-content\/uploads\/2024\/11\/2024-11-19__07-30-47-200x200.jpeg 200w\" sizes=\"auto, (max-width: 2048px) 100vw, 2048px\" \/><\/a><\/figure>\n\n\n\n<div style=\"height:10px\" aria-hidden=\"true\" class=\"wp-block-spacer\"><\/div>\n\n\n\n<p class=\"wp-block-paragraph\">Steh, stehn, stehn. Auf der Autoba &#8230; stra\u00dfe. Auch als Radler.<\/p>\n\n\n\n<div style=\"height:25px\" aria-hidden=\"true\" class=\"wp-block-spacer\"><\/div>\n\n\n\n<figure class=\"wp-block-image size-full is-resized\"><a href=\"https:\/\/schubladenerinnerungen.de\/blog\/wp-content\/uploads\/2024\/11\/2024-11-20__07-44-37.jpeg\"><img loading=\"lazy\" decoding=\"async\" width=\"2048\" height=\"1416\" src=\"https:\/\/schubladenerinnerungen.de\/blog\/wp-content\/uploads\/2024\/11\/2024-11-20__07-44-37.jpeg\" alt=\"Vergleich von Stra\u00dfe und Fahrradweg - die Autostra\u00dfe ist sauber, w\u00e4hrend sich auf dem Radweg unter dem Laub Matsch versteckt\" class=\"wp-image-17785\" style=\"width:840px;height:auto\" srcset=\"https:\/\/schubladenerinnerungen.de\/blog\/wp-content\/uploads\/2024\/11\/2024-11-20__07-44-37.jpeg 2048w, https:\/\/schubladenerinnerungen.de\/blog\/wp-content\/uploads\/2024\/11\/2024-11-20__07-44-37-300x207.jpeg 300w, https:\/\/schubladenerinnerungen.de\/blog\/wp-content\/uploads\/2024\/11\/2024-11-20__07-44-37-768x531.jpeg 768w, https:\/\/schubladenerinnerungen.de\/blog\/wp-content\/uploads\/2024\/11\/2024-11-20__07-44-37-1536x1062.jpeg 1536w, https:\/\/schubladenerinnerungen.de\/blog\/wp-content\/uploads\/2024\/11\/2024-11-20__07-44-37-1250x864.jpeg 1250w, https:\/\/schubladenerinnerungen.de\/blog\/wp-content\/uploads\/2024\/11\/2024-11-20__07-44-37-400x277.jpeg 400w\" sizes=\"auto, (max-width: 2048px) 100vw, 2048px\" \/><\/a><\/figure>\n\n\n\n<div style=\"height:10px\" aria-hidden=\"true\" class=\"wp-block-spacer\"><\/div>\n\n\n\n<p class=\"wp-block-paragraph\">Links f\u00fcr Steuerzahler. Rechts f\u00fcr die Anderen. So wird es mir <a href=\"https:\/\/schubladenerinnerungen.de\/blog\/2023\/04\/21\/rad-pendler-geschichten\/\" target=\"_blank\" data-type=\"post\" data-id=\"11386\" rel=\"noreferrer noopener\">tats\u00e4chlich<\/a> des\u00f6fteren hingeschrien.<\/p>\n\n\n\n<div style=\"height:25px\" aria-hidden=\"true\" class=\"wp-block-spacer\"><\/div>\n\n\n\n<figure class=\"wp-block-image size-full is-resized\"><a href=\"https:\/\/schubladenerinnerungen.de\/blog\/wp-content\/uploads\/2024\/12\/Zaeher-Verkehr.jpg\"><img loading=\"lazy\" decoding=\"async\" width=\"2048\" height=\"1024\" src=\"https:\/\/schubladenerinnerungen.de\/blog\/wp-content\/uploads\/2024\/12\/Zaeher-Verkehr.jpg\" alt=\"Mit dem Auto zur Arbeit - z\u00e4her Verkehr - von Lauffen am Neckar nach Beilstein, eine Ewigkeit f\u00fcr 16 Kilometer\" class=\"wp-image-17859\" style=\"width:840px;height:auto\" srcset=\"https:\/\/schubladenerinnerungen.de\/blog\/wp-content\/uploads\/2024\/12\/Zaeher-Verkehr.jpg 2048w, https:\/\/schubladenerinnerungen.de\/blog\/wp-content\/uploads\/2024\/12\/Zaeher-Verkehr-300x150.jpg 300w, https:\/\/schubladenerinnerungen.de\/blog\/wp-content\/uploads\/2024\/12\/Zaeher-Verkehr-768x384.jpg 768w, https:\/\/schubladenerinnerungen.de\/blog\/wp-content\/uploads\/2024\/12\/Zaeher-Verkehr-1536x768.jpg 1536w, https:\/\/schubladenerinnerungen.de\/blog\/wp-content\/uploads\/2024\/12\/Zaeher-Verkehr-1250x625.jpg 1250w, https:\/\/schubladenerinnerungen.de\/blog\/wp-content\/uploads\/2024\/12\/Zaeher-Verkehr-400x200.jpg 400w\" sizes=\"auto, (max-width: 2048px) 100vw, 2048px\" \/><\/a><\/figure>\n\n\n\n<div style=\"height:10px\" aria-hidden=\"true\" class=\"wp-block-spacer\"><\/div>\n\n\n\n<p class=\"wp-block-paragraph\">Dann fahr ich ausnahmsweise mal wieder Auto, und gleich wieder von Stau zu Unfall und weiter zum n\u00e4chsten Stau und so weiter.<\/p>\n\n\n\n<p class=\"wp-block-paragraph\">Als ich da so in <strong>Ilsfeld<\/strong> stehe, und warte, f\u00e4llt mir das erste mal bewu\u00dft dieses kleine H\u00e4uschen neben der Bushaltestelle auf (rechts oben in der Collage). Und ich denke so: \u201eOben Schlafen und unten Leben. F\u00fcr zwei w\u00fcrde es schon reichen. Aber es steht irgendwie an der falschen Stelle. Im Wald w\u00e4re toll!\u201c<\/p>\n\n\n\n<p class=\"wp-block-paragraph\">So schleichend und stehend zur Arbeit unterwegs zu sein, gibt einem auch Zeit, <a href=\"#dadanaut\" data-type=\"internal\" data-id=\"#dadanaut\">seinen neuesten kreativen (oder auch nicht kreativen) Erguss anzuh\u00f6ren<\/a> und erneut introspektiv zu sein.<\/p>\n\n\n\n<p class=\"wp-block-paragraph\">Dabei wandert mein Blick etwas weiter nach rechts und ich erblicke \u2013 das erste Mal (ebenso) bewu\u00dft \u2013 das Backh\u00e4usle (rechts unten), und denke so: \u201eJa! Das w\u00e4rs eher. Genau das! Auch mitten im Wald allerdings. Und der hintere Bereich sollte auch genauso in einem Felsen verschwinden.\u201c<\/p>\n\n\n\n<div style=\"height:25px\" aria-hidden=\"true\" class=\"wp-block-spacer\"><\/div>\n\n\n\n<figure class=\"wp-block-image size-full is-resized\"><a href=\"https:\/\/schubladenerinnerungen.de\/blog\/wp-content\/uploads\/2024\/12\/2024-11-16__07-31-03.jpeg\"><img loading=\"lazy\" decoding=\"async\" width=\"2048\" height=\"2048\" src=\"https:\/\/schubladenerinnerungen.de\/blog\/wp-content\/uploads\/2024\/12\/2024-11-16__07-31-03.jpeg\" alt=\"Sch\u00f6ne Baumallee in Heilbronn am Neckar, herbstlich trist, aber sch\u00f6n\" class=\"wp-image-17888\" style=\"width:840px;height:auto\" srcset=\"https:\/\/schubladenerinnerungen.de\/blog\/wp-content\/uploads\/2024\/12\/2024-11-16__07-31-03.jpeg 2048w, https:\/\/schubladenerinnerungen.de\/blog\/wp-content\/uploads\/2024\/12\/2024-11-16__07-31-03-300x300.jpeg 300w, https:\/\/schubladenerinnerungen.de\/blog\/wp-content\/uploads\/2024\/12\/2024-11-16__07-31-03-1600x1600.jpeg 1600w, https:\/\/schubladenerinnerungen.de\/blog\/wp-content\/uploads\/2024\/12\/2024-11-16__07-31-03-150x150.jpeg 150w, https:\/\/schubladenerinnerungen.de\/blog\/wp-content\/uploads\/2024\/12\/2024-11-16__07-31-03-768x768.jpeg 768w, https:\/\/schubladenerinnerungen.de\/blog\/wp-content\/uploads\/2024\/12\/2024-11-16__07-31-03-1536x1536.jpeg 1536w, https:\/\/schubladenerinnerungen.de\/blog\/wp-content\/uploads\/2024\/12\/2024-11-16__07-31-03-60x60.jpeg 60w, https:\/\/schubladenerinnerungen.de\/blog\/wp-content\/uploads\/2024\/12\/2024-11-16__07-31-03-1250x1250.jpeg 1250w, https:\/\/schubladenerinnerungen.de\/blog\/wp-content\/uploads\/2024\/12\/2024-11-16__07-31-03-400x400.jpeg 400w, https:\/\/schubladenerinnerungen.de\/blog\/wp-content\/uploads\/2024\/12\/2024-11-16__07-31-03-200x200.jpeg 200w\" sizes=\"auto, (max-width: 2048px) 100vw, 2048px\" \/><\/a><\/figure>\n\n\n\n<div style=\"height:10px\" aria-hidden=\"true\" class=\"wp-block-spacer\"><\/div>\n\n\n\n<p class=\"wp-block-paragraph\">Morgens am Neckar in <strong>Heilbronn<\/strong>. Ja, introspektiv.<\/p>\n\n\n\n<div style=\"height:25px\" aria-hidden=\"true\" class=\"wp-block-spacer\"><\/div>\n\n\n\n<figure class=\"wp-block-image size-full is-resized\"><a href=\"https:\/\/schubladenerinnerungen.de\/blog\/wp-content\/uploads\/2024\/12\/2024-11-22__17-39-06.jpeg\"><img loading=\"lazy\" decoding=\"async\" width=\"2048\" height=\"2048\" src=\"https:\/\/schubladenerinnerungen.de\/blog\/wp-content\/uploads\/2024\/12\/2024-11-22__17-39-06.jpeg\" alt=\"Die Regiswindis Kirche in Lauffen am Neckar, abends\" class=\"wp-image-17890\" style=\"width:840px;height:auto\" srcset=\"https:\/\/schubladenerinnerungen.de\/blog\/wp-content\/uploads\/2024\/12\/2024-11-22__17-39-06.jpeg 2048w, https:\/\/schubladenerinnerungen.de\/blog\/wp-content\/uploads\/2024\/12\/2024-11-22__17-39-06-300x300.jpeg 300w, https:\/\/schubladenerinnerungen.de\/blog\/wp-content\/uploads\/2024\/12\/2024-11-22__17-39-06-1600x1600.jpeg 1600w, https:\/\/schubladenerinnerungen.de\/blog\/wp-content\/uploads\/2024\/12\/2024-11-22__17-39-06-150x150.jpeg 150w, https:\/\/schubladenerinnerungen.de\/blog\/wp-content\/uploads\/2024\/12\/2024-11-22__17-39-06-768x768.jpeg 768w, https:\/\/schubladenerinnerungen.de\/blog\/wp-content\/uploads\/2024\/12\/2024-11-22__17-39-06-1536x1536.jpeg 1536w, https:\/\/schubladenerinnerungen.de\/blog\/wp-content\/uploads\/2024\/12\/2024-11-22__17-39-06-60x60.jpeg 60w, https:\/\/schubladenerinnerungen.de\/blog\/wp-content\/uploads\/2024\/12\/2024-11-22__17-39-06-1250x1250.jpeg 1250w, https:\/\/schubladenerinnerungen.de\/blog\/wp-content\/uploads\/2024\/12\/2024-11-22__17-39-06-400x400.jpeg 400w, https:\/\/schubladenerinnerungen.de\/blog\/wp-content\/uploads\/2024\/12\/2024-11-22__17-39-06-200x200.jpeg 200w\" sizes=\"auto, (max-width: 2048px) 100vw, 2048px\" \/><\/a><\/figure>\n\n\n\n<div style=\"height:10px\" aria-hidden=\"true\" class=\"wp-block-spacer\"><\/div>\n\n\n\n<p class=\"wp-block-paragraph\">Die <strong>Regiswindis Kirche<\/strong> am Abend.<\/p>\n\n\n\n<div style=\"height:25px\" aria-hidden=\"true\" class=\"wp-block-spacer\"><\/div>\n\n\n\n<figure class=\"wp-block-image size-full is-resized\"><a href=\"https:\/\/schubladenerinnerungen.de\/blog\/wp-content\/uploads\/2024\/12\/Bier.jpg\"><img loading=\"lazy\" decoding=\"async\" width=\"2048\" height=\"1024\" src=\"https:\/\/schubladenerinnerungen.de\/blog\/wp-content\/uploads\/2024\/12\/Bier.jpg\" alt=\"Geburtstagsfeier, da geht schon so manches Bier drauf\" class=\"wp-image-17891\" style=\"width:840px;height:auto\" srcset=\"https:\/\/schubladenerinnerungen.de\/blog\/wp-content\/uploads\/2024\/12\/Bier.jpg 2048w, https:\/\/schubladenerinnerungen.de\/blog\/wp-content\/uploads\/2024\/12\/Bier-300x150.jpg 300w, https:\/\/schubladenerinnerungen.de\/blog\/wp-content\/uploads\/2024\/12\/Bier-768x384.jpg 768w, https:\/\/schubladenerinnerungen.de\/blog\/wp-content\/uploads\/2024\/12\/Bier-1536x768.jpg 1536w, https:\/\/schubladenerinnerungen.de\/blog\/wp-content\/uploads\/2024\/12\/Bier-1250x625.jpg 1250w, https:\/\/schubladenerinnerungen.de\/blog\/wp-content\/uploads\/2024\/12\/Bier-400x200.jpg 400w\" sizes=\"auto, (max-width: 2048px) 100vw, 2048px\" \/><\/a><\/figure>\n\n\n\n<div style=\"height:10px\" aria-hidden=\"true\" class=\"wp-block-spacer\"><\/div>\n\n\n\n<p class=\"wp-block-paragraph\">Zu viert feiern&#8230;<\/p>\n\n\n\n<div style=\"height:25px\" aria-hidden=\"true\" class=\"wp-block-spacer\"><\/div>\n\n\n\n<figure class=\"wp-block-image size-full is-resized\"><a href=\"https:\/\/schubladenerinnerungen.de\/blog\/wp-content\/uploads\/2024\/12\/2024-11-25__11-37-05.jpeg\"><img loading=\"lazy\" decoding=\"async\" width=\"2048\" height=\"1333\" src=\"https:\/\/schubladenerinnerungen.de\/blog\/wp-content\/uploads\/2024\/12\/2024-11-25__11-37-05.jpeg\" alt=\"Der Radweg nach Heilbronn. Hier das Teilst\u00fcck in Sontheim, dass neu gemacht wurde.\" class=\"wp-image-17905\" style=\"width:840px;height:auto\" srcset=\"https:\/\/schubladenerinnerungen.de\/blog\/wp-content\/uploads\/2024\/12\/2024-11-25__11-37-05.jpeg 2048w, https:\/\/schubladenerinnerungen.de\/blog\/wp-content\/uploads\/2024\/12\/2024-11-25__11-37-05-300x195.jpeg 300w, https:\/\/schubladenerinnerungen.de\/blog\/wp-content\/uploads\/2024\/12\/2024-11-25__11-37-05-768x500.jpeg 768w, https:\/\/schubladenerinnerungen.de\/blog\/wp-content\/uploads\/2024\/12\/2024-11-25__11-37-05-1536x1000.jpeg 1536w, https:\/\/schubladenerinnerungen.de\/blog\/wp-content\/uploads\/2024\/12\/2024-11-25__11-37-05-1250x814.jpeg 1250w, https:\/\/schubladenerinnerungen.de\/blog\/wp-content\/uploads\/2024\/12\/2024-11-25__11-37-05-400x260.jpeg 400w\" sizes=\"auto, (max-width: 2048px) 100vw, 2048px\" \/><\/a><\/figure>\n\n\n\n<div style=\"height:10px\" aria-hidden=\"true\" class=\"wp-block-spacer\"><\/div>\n\n\n\n<p class=\"wp-block-paragraph\">Bei 16\u00b0 C durch den Sp\u00e4tsommer &#8230; \u00e4\u00e4\u00e4h Sp\u00e4therbst &#8230; radeln. Und der <a href=\"https:\/\/schubladenerinnerungen.de\/blog\/2024\/10\/01\/tagundnachtgleiche\/#spurwechselbaustelle\" data-type=\"internal\" data-id=\"#spurwechselbaustelle\" target=\"_blank\" rel=\"noreferrer noopener\">Radweg ist auch neu<\/a> gemacht. Super-sch\u00f6n!<\/p>\n\n\n\n<div style=\"height:25px\" aria-hidden=\"true\" class=\"wp-block-spacer\"><\/div>\n\n\n\n<figure class=\"wp-block-image size-full is-resized\"><a href=\"https:\/\/schubladenerinnerungen.de\/blog\/wp-content\/uploads\/2024\/12\/2024-11-25__12-02-35.jpeg\"><img loading=\"lazy\" decoding=\"async\" width=\"2048\" height=\"2048\" src=\"https:\/\/schubladenerinnerungen.de\/blog\/wp-content\/uploads\/2024\/12\/2024-11-25__12-02-35.jpeg\" alt=\"Noch eine Umleitung f\u00fcr meine Baustellen- und Umleitungen-Sammlung in 2024\" class=\"wp-image-17906\" style=\"width:840px;height:auto\" srcset=\"https:\/\/schubladenerinnerungen.de\/blog\/wp-content\/uploads\/2024\/12\/2024-11-25__12-02-35.jpeg 2048w, https:\/\/schubladenerinnerungen.de\/blog\/wp-content\/uploads\/2024\/12\/2024-11-25__12-02-35-300x300.jpeg 300w, https:\/\/schubladenerinnerungen.de\/blog\/wp-content\/uploads\/2024\/12\/2024-11-25__12-02-35-1600x1600.jpeg 1600w, https:\/\/schubladenerinnerungen.de\/blog\/wp-content\/uploads\/2024\/12\/2024-11-25__12-02-35-150x150.jpeg 150w, https:\/\/schubladenerinnerungen.de\/blog\/wp-content\/uploads\/2024\/12\/2024-11-25__12-02-35-768x768.jpeg 768w, https:\/\/schubladenerinnerungen.de\/blog\/wp-content\/uploads\/2024\/12\/2024-11-25__12-02-35-1536x1536.jpeg 1536w, https:\/\/schubladenerinnerungen.de\/blog\/wp-content\/uploads\/2024\/12\/2024-11-25__12-02-35-60x60.jpeg 60w, https:\/\/schubladenerinnerungen.de\/blog\/wp-content\/uploads\/2024\/12\/2024-11-25__12-02-35-1250x1250.jpeg 1250w, https:\/\/schubladenerinnerungen.de\/blog\/wp-content\/uploads\/2024\/12\/2024-11-25__12-02-35-400x400.jpeg 400w, https:\/\/schubladenerinnerungen.de\/blog\/wp-content\/uploads\/2024\/12\/2024-11-25__12-02-35-200x200.jpeg 200w\" sizes=\"auto, (max-width: 2048px) 100vw, 2048px\" \/><\/a><\/figure>\n\n\n\n<div style=\"height:10px\" aria-hidden=\"true\" class=\"wp-block-spacer\"><\/div>\n\n\n\n<p class=\"wp-block-paragraph\">2024 h\u00f6rt nicht auf damit.<\/p>\n\n\n\n<div style=\"height:25px\" aria-hidden=\"true\" class=\"wp-block-spacer\"><\/div>\n\n\n\n<figure class=\"wp-block-image size-full is-resized\"><a href=\"https:\/\/schubladenerinnerungen.de\/blog\/wp-content\/uploads\/2024\/12\/2024-11-29__07-00-52.jpeg\"><img loading=\"lazy\" decoding=\"async\" width=\"2048\" height=\"1503\" src=\"https:\/\/schubladenerinnerungen.de\/blog\/wp-content\/uploads\/2024\/12\/2024-11-29__07-00-52.jpeg\" alt=\"Die alte Neckarbr\u00fccke in Lauffen am Neckar wird saniert, und ist seit sehr vielen Monaten eine Baustelle\" class=\"wp-image-17931\" style=\"width:840px;height:auto\" srcset=\"https:\/\/schubladenerinnerungen.de\/blog\/wp-content\/uploads\/2024\/12\/2024-11-29__07-00-52.jpeg 2048w, https:\/\/schubladenerinnerungen.de\/blog\/wp-content\/uploads\/2024\/12\/2024-11-29__07-00-52-300x220.jpeg 300w, https:\/\/schubladenerinnerungen.de\/blog\/wp-content\/uploads\/2024\/12\/2024-11-29__07-00-52-768x564.jpeg 768w, https:\/\/schubladenerinnerungen.de\/blog\/wp-content\/uploads\/2024\/12\/2024-11-29__07-00-52-1536x1127.jpeg 1536w, https:\/\/schubladenerinnerungen.de\/blog\/wp-content\/uploads\/2024\/12\/2024-11-29__07-00-52-1250x917.jpeg 1250w, https:\/\/schubladenerinnerungen.de\/blog\/wp-content\/uploads\/2024\/12\/2024-11-29__07-00-52-400x294.jpeg 400w\" sizes=\"auto, (max-width: 2048px) 100vw, 2048px\" \/><\/a><\/figure>\n\n\n\n<div style=\"height:10px\" aria-hidden=\"true\" class=\"wp-block-spacer\"><\/div>\n\n\n\n<p class=\"wp-block-paragraph\">Die alte Neckarbr\u00fccke in Lauffen am Neckar wird seit gef\u00fchlten Jahren \u201erenoviert\u201c, und ist daher teilweise nur einseitig befahrbar (manchmal komplett gesperrt). Da hie\u00df es dann eben: <strong>\u201eRadfahrer absteigen!\u201c<\/strong><\/p>\n\n\n\n<p class=\"wp-block-paragraph\">Das habe ich anfangs gemacht. Mein Rad neben mir her auf dem Gehweg geschoben. Da gab es dann recht h\u00e4ufig ein: \u201eSie brauchen aber unversch\u00e4mt viel Platz!\u201c Das entgegenkommende P\u00e4rchen sich kurz mal hintereinander einreihen, war auch zu viel von der Gegenseite verlangt &#8230; aber ich blieb still.<\/p>\n\n\n\n<p class=\"wp-block-paragraph\">Das machte ich dann einige Male mit. Dann hab ich mein Fahrrad links neben mir auf der Stra\u00dfe geschoben und ich lief auf dem Gehweg. Da gab es dann ein: \u201eSie wissen schon, dass man auf der Stra\u00dfe nicht mit dem Fahrrad sein darf!\u201c Aber ich blieb still. Introspektiv.<\/p>\n\n\n\n<p class=\"wp-block-paragraph\">Auch das habe ich einige Male ertragen. Dann bin ich \u201eabgestiegen\u201c. Allerdings nur auf die Querstange, und hab mich mit den F\u00fc\u00dfen am Boden vorw\u00e4rtsbewegt. Auf dem Gehweg. Erschien mir platzsparender und nicht so unversch\u00e4mt wie die anderen Varianten. Da gab es dann ein: \u201eK\u00f6nnen Sie nicht lesen? Sie m\u00fcssen absteigen!\u201c Aber ich blieb still.<\/p>\n\n\n\n<p class=\"wp-block-paragraph\">Die n\u00e4chste K\u00fcr meinerseits: Auf der Querstange sitzend; mit den F\u00fc\u00dfen auf dem Boden paddelnd; auf der Stra\u00dfe, direkt neben dem Gehweg. Das war auch nicht sehr beliebt. Die Scharfrichter gaben wenig Punkte. Ich blieb still. Immer noch introspektiv.<\/p>\n\n\n\n<p class=\"wp-block-paragraph\">Das klingt jetzt nach hunderten Begegnungen dieser Art. Dem war nicht so. Morgens, wenn ich \u00fcber die Br\u00fccke radle, ist da relativ wenig los. Abends mehr, aber es geht. Die wenigen Begegnungen reichten trotzdem, um negativ in Erinnerung zu bleiben. Gegenseitig wahrscheinlich.<\/p>\n\n\n\n<p class=\"wp-block-paragraph\">Irgendwann bin ich dann einfach stur und dickk\u00f6pfig \u00fcber die Br\u00fccke geradelt. Rechts ran und auf den Gehweg, wenn Gegenverkehr auf der Stra\u00dfe kam. Fu\u00dfg\u00e4ngern kam ich so nicht in den Weg.<\/p>\n\n\n\n<p class=\"wp-block-paragraph\">Die habe ich beim Vorbeiradeln weiter schimpfen lassen, und war introspektiv.<\/p>\n\n\n\n<p class=\"wp-block-paragraph\">Und so wie es jetz im Moment ist, kann es eigentlich noch weniger Begegnungen geben.<\/p>\n\n\n\n<p class=\"wp-block-paragraph\">Man sp\u00fcrt deutlich, dass eine sofortige Verhaftung wohltuende Genugtuung w\u00e4re. F\u00fcr die n\u00e4chste halbe Stunde. Oder dass ein Panzer, der nicht in die Ukraine verladen wird, einen kurz mal pulverisiert, der absolute Wunschtraum.<\/p>\n\n\n\n<p class=\"wp-block-paragraph\">Aber wenn es doch keinem schadet, kann man doch mal ein Auge zudr\u00fccken, und nicht gleich auf Diffamierer machen&#8230;? Ich wei\u00df: Vorschriften, Gesetze, Ordnung, Recht, &#8230;<\/p>\n\n\n\n<p class=\"wp-block-paragraph\">Ich werde in Zukunft dennoch ser viel introspektiver an die Sache rangehen. Mein erster Neujahrsvorsatz.<\/p>\n\n\n\n<div style=\"height:25px\" aria-hidden=\"true\" class=\"wp-block-spacer\"><\/div>\n\n\n\n<figure class=\"wp-block-image size-full is-resized\"><a href=\"https:\/\/schubladenerinnerungen.de\/blog\/wp-content\/uploads\/2024\/12\/IMG_20241130_174819-scaled.jpg\"><img loading=\"lazy\" decoding=\"async\" width=\"1829\" height=\"2560\" src=\"https:\/\/schubladenerinnerungen.de\/blog\/wp-content\/uploads\/2024\/12\/IMG_20241130_174819-scaled.jpg\" alt=\"Tisch im Anroll Restaurant in Heilbronn. Sch\u00f6nes Ambiente mit Blumen und Licht und Leuchtbuchstaben die You are like really pretty sagen\" class=\"wp-image-18030\" style=\"width:840px;height:auto\" srcset=\"https:\/\/schubladenerinnerungen.de\/blog\/wp-content\/uploads\/2024\/12\/IMG_20241130_174819-scaled.jpg 1829w, https:\/\/schubladenerinnerungen.de\/blog\/wp-content\/uploads\/2024\/12\/IMG_20241130_174819-214x300.jpg 214w, https:\/\/schubladenerinnerungen.de\/blog\/wp-content\/uploads\/2024\/12\/IMG_20241130_174819-1143x1600.jpg 1143w, https:\/\/schubladenerinnerungen.de\/blog\/wp-content\/uploads\/2024\/12\/IMG_20241130_174819-768x1075.jpg 768w, https:\/\/schubladenerinnerungen.de\/blog\/wp-content\/uploads\/2024\/12\/IMG_20241130_174819-1098x1536.jpg 1098w, https:\/\/schubladenerinnerungen.de\/blog\/wp-content\/uploads\/2024\/12\/IMG_20241130_174819-1463x2048.jpg 1463w, https:\/\/schubladenerinnerungen.de\/blog\/wp-content\/uploads\/2024\/12\/IMG_20241130_174819-1250x1749.jpg 1250w, https:\/\/schubladenerinnerungen.de\/blog\/wp-content\/uploads\/2024\/12\/IMG_20241130_174819-400x560.jpg 400w\" sizes=\"auto, (max-width: 1829px) 100vw, 1829px\" \/><\/a><\/figure>\n\n\n\n<div style=\"height:10px\" aria-hidden=\"true\" class=\"wp-block-spacer\"><\/div>\n\n\n\n<p class=\"wp-block-paragraph\">Danke.<\/p>\n\n\n\n<div style=\"height:25px\" aria-hidden=\"true\" class=\"wp-block-spacer\"><\/div>\n\n\n\n<figure class=\"wp-block-image size-full is-resized\"><a href=\"https:\/\/schubladenerinnerungen.de\/blog\/wp-content\/uploads\/2024\/12\/IMG_20241130_173956.jpg\"><img loading=\"lazy\" decoding=\"async\" width=\"2048\" height=\"1392\" src=\"https:\/\/schubladenerinnerungen.de\/blog\/wp-content\/uploads\/2024\/12\/IMG_20241130_173956.jpg\" alt=\"Bryan.\" class=\"wp-image-18031\" style=\"width:840px;height:auto\" srcset=\"https:\/\/schubladenerinnerungen.de\/blog\/wp-content\/uploads\/2024\/12\/IMG_20241130_173956.jpg 2048w, https:\/\/schubladenerinnerungen.de\/blog\/wp-content\/uploads\/2024\/12\/IMG_20241130_173956-300x204.jpg 300w, https:\/\/schubladenerinnerungen.de\/blog\/wp-content\/uploads\/2024\/12\/IMG_20241130_173956-768x522.jpg 768w, https:\/\/schubladenerinnerungen.de\/blog\/wp-content\/uploads\/2024\/12\/IMG_20241130_173956-1536x1044.jpg 1536w, https:\/\/schubladenerinnerungen.de\/blog\/wp-content\/uploads\/2024\/12\/IMG_20241130_173956-1250x850.jpg 1250w, https:\/\/schubladenerinnerungen.de\/blog\/wp-content\/uploads\/2024\/12\/IMG_20241130_173956-400x272.jpg 400w\" sizes=\"auto, (max-width: 2048px) 100vw, 2048px\" \/><\/a><\/figure>\n\n\n\n<div style=\"height:10px\" aria-hidden=\"true\" class=\"wp-block-spacer\"><\/div>\n\n\n\n<p class=\"wp-block-paragraph\">Bryan.<\/p>\n\n\n\n<div style=\"height:25px\" aria-hidden=\"true\" class=\"wp-block-spacer\"><\/div>\n\n\n\n<div style=\"height:50px\" aria-hidden=\"true\" class=\"wp-block-spacer\"><\/div>\n\n\n\n<hr class=\"wp-block-separator has-alpha-channel-opacity is-style-dots\"\/>\n\n\n\n<div style=\"height:75px\" aria-hidden=\"true\" id=\"Introspektion\" class=\"wp-block-spacer\"><\/div>\n\n\n\n<iframe style=\"border: 0; width: 700px; height: 340px;\" src=\"https:\/\/bandcamp.com\/EmbeddedPlayer\/album=1271958668\/size=large\/bgcol=ffffff\/linkcol=0687f5\/artwork=small\/transparent=true\/\" seamless><a href=\"https:\/\/dadanaut.bandcamp.com\/album\/introspektion\" target=\"_blank\" rel=\"noopener\">Introspektion von Dadanaut<\/a><\/iframe>\n\n\n\n<div style=\"height:15px\" aria-hidden=\"true\" id=\"Introspektion\" class=\"wp-block-spacer\"><\/div>\n\n\n\n<p class=\"wp-block-paragraph\">Der <strong><a href=\"https:\/\/dadanaut.de\/\" data-type=\"link\" data-id=\"https:\/\/dadanaut.de\/\" target=\"_blank\" rel=\"noreferrer noopener\">Dadanaut<\/a><\/strong> war auch mal introspektiv. Eigentlich recht oft sogar. Meistens ohne Erleuchtung allerdings.<\/p>\n\n\n\n<div style=\"height:50px\" aria-hidden=\"true\" class=\"wp-block-spacer\"><\/div>\n\n\n\n<hr class=\"wp-block-separator has-alpha-channel-opacity is-style-dots\"\/>\n\n\n\n<div style=\"height:75px\" aria-hidden=\"true\" class=\"wp-block-spacer\"><\/div>\n\n\n\n<h2 class=\"wp-block-heading\">Introspektiver Radius<\/h2>\n\n\n\n<div style=\"height:15px\" aria-hidden=\"true\" id=\"Introspektion\" class=\"wp-block-spacer\"><\/div>\n\n\n\n<p class=\"wp-block-paragraph\">Oder doch eher extrospektiv, mehr auf die Au\u00dfenwelt orientiert eben.<\/p>\n\n\n\n<figure class=\"wp-block-image size-full\"><a href=\"https:\/\/schubladenerinnerungen.de\/blog\/wp-content\/uploads\/2024\/12\/November-2024.jpg\"><img loading=\"lazy\" decoding=\"async\" width=\"1108\" height=\"628\" src=\"https:\/\/schubladenerinnerungen.de\/blog\/wp-content\/uploads\/2024\/12\/November-2024.jpg\" alt=\"\" class=\"wp-image-18026\" srcset=\"https:\/\/schubladenerinnerungen.de\/blog\/wp-content\/uploads\/2024\/12\/November-2024.jpg 1108w, https:\/\/schubladenerinnerungen.de\/blog\/wp-content\/uploads\/2024\/12\/November-2024-300x170.jpg 300w, https:\/\/schubladenerinnerungen.de\/blog\/wp-content\/uploads\/2024\/12\/November-2024-768x435.jpg 768w, https:\/\/schubladenerinnerungen.de\/blog\/wp-content\/uploads\/2024\/12\/November-2024-400x227.jpg 400w\" sizes=\"auto, (max-width: 1108px) 100vw, 1108px\" \/><\/a><\/figure>\n\n\n\n<div style=\"height:10px\" aria-hidden=\"true\" class=\"wp-block-spacer\"><\/div>\n\n\n\n<p class=\"wp-block-paragraph\">November: 682 km Weite, 5.875 m H\u00f6he, 40 Stunden, 63 Touren.<\/p>\n\n\n\n<div style=\"height:75px\" aria-hidden=\"true\" class=\"wp-block-spacer\"><\/div>\n","protected":false},"excerpt":{"rendered":"<p>Jede bewusst wahrgenommene Beobachtung bringt uns zum Nachdenken, jedes Nachdenken zu einer tieferen Reflexion, und jede Reflexion zu einem Verbinden von Gedanken. Man k\u00f6nnte also sagen, dass wir jedes Mal, wenn wir die Welt aufmerksam betrachten, bereits beginnen, Theorien zu entwickeln, oder \u00fcber uns selbst sinnieren \u2013 introspektiv sind. Jede bewusste Wahrnehmung f\u00fchrt uns tiefer [&hellip;]<\/p>\n","protected":false},"author":1,"featured_media":17847,"comment_status":"open","ping_status":"open","sticky":false,"template":"","format":"standard","meta":{"_crdt_document":"","ngg_post_thumbnail":0,"pgc_sgb_lightbox_settings":"","activitypub_content_warning":"","activitypub_content_visibility":"","activitypub_max_image_attachments":3,"activitypub_interaction_policy_quote":"anyone","activitypub_status":"federate","footnotes":"","_share_on_mastodon":"0"},"categories":[3],"tags":[1648,4335,3763,165,4236,2582],"class_list":["post-17707","post","type-post","status-publish","format-standard","has-post-thumbnail","hentry","category-bilder","tag-buecher","tag-englisch","tag-english","tag-herbst","tag-nebelung","tag-pendeln"],"share_on_mastodon":{"url":"https:\/\/mastodon.social\/@Dadanaut\/113576805091277544","error":""},"featured_image_src":"https:\/\/schubladenerinnerungen.de\/blog\/wp-content\/uploads\/2024\/11\/Introspektion_1600.jpg","author_info":{"display_name":"Dinkster","author_link":"https:\/\/schubladenerinnerungen.de\/blog\/author\/dinkster\/"},"_links":{"self":[{"href":"https:\/\/schubladenerinnerungen.de\/blog\/wp-json\/wp\/v2\/posts\/17707","targetHints":{"allow":["GET"]}}],"collection":[{"href":"https:\/\/schubladenerinnerungen.de\/blog\/wp-json\/wp\/v2\/posts"}],"about":[{"href":"https:\/\/schubladenerinnerungen.de\/blog\/wp-json\/wp\/v2\/types\/post"}],"author":[{"embeddable":true,"href":"https:\/\/schubladenerinnerungen.de\/blog\/wp-json\/wp\/v2\/users\/1"}],"replies":[{"embeddable":true,"href":"https:\/\/schubladenerinnerungen.de\/blog\/wp-json\/wp\/v2\/comments?post=17707"}],"version-history":[{"count":150,"href":"https:\/\/schubladenerinnerungen.de\/blog\/wp-json\/wp\/v2\/posts\/17707\/revisions"}],"predecessor-version":[{"id":18070,"href":"https:\/\/schubladenerinnerungen.de\/blog\/wp-json\/wp\/v2\/posts\/17707\/revisions\/18070"}],"wp:featuredmedia":[{"embeddable":true,"href":"https:\/\/schubladenerinnerungen.de\/blog\/wp-json\/wp\/v2\/media\/17847"}],"wp:attachment":[{"href":"https:\/\/schubladenerinnerungen.de\/blog\/wp-json\/wp\/v2\/media?parent=17707"}],"wp:term":[{"taxonomy":"category","embeddable":true,"href":"https:\/\/schubladenerinnerungen.de\/blog\/wp-json\/wp\/v2\/categories?post=17707"},{"taxonomy":"post_tag","embeddable":true,"href":"https:\/\/schubladenerinnerungen.de\/blog\/wp-json\/wp\/v2\/tags?post=17707"}],"curies":[{"name":"wp","href":"https:\/\/api.w.org\/{rel}","templated":true}]}}