{"id":19946,"date":"2025-07-01T09:15:00","date_gmt":"2025-07-01T07:15:00","guid":{"rendered":"https:\/\/schubladenerinnerungen.de\/blog\/?p=19946"},"modified":"2025-07-31T19:55:52","modified_gmt":"2025-07-31T17:55:52","slug":"aus-lauffen-raus","status":"publish","type":"post","link":"https:\/\/schubladenerinnerungen.de\/blog\/2025\/07\/01\/aus-lauffen-raus\/","title":{"rendered":"Stoisch um Lauffen drumherum"},"content":{"rendered":"\n<p class=\"wp-block-paragraph\">Wieder ist ein Monat wie im Flug vergangen \u2013 voller Pedaltritte, Begegnungen und Beobachtungen. Anfangs sehr nass und etwas k\u00fchl, dann aber extrem hei\u00df und trocken. Der Juni brachte mich von der <strong><a href=\"https:\/\/schubladenerinnerungen.de\/blog\/2025\/07\/01\/aus-lauffen-raus\/#ehmetsklinge\" data-type=\"internal\" data-id=\"#ehmetsklinge\">Ehmetsklinge<\/a><\/strong> zum <strong><a href=\"https:\/\/schubladenerinnerungen.de\/blog\/2025\/07\/01\/aus-lauffen-raus\/#breitenauersee\" data-type=\"internal\" data-id=\"#breitenauersee\">Breitenauer See<\/a><\/strong>, lie\u00df mich \u00fcber die Zukunft der <strong><a href=\"https:\/\/schubladenerinnerungen.de\/blog\/2025\/07\/01\/aus-lauffen-raus\/#weinberge\" data-type=\"internal\" data-id=\"#weinberge\">Lauffener Weinberge<\/a><\/strong> nachdenken und bescherte mir eine unvergessliche Reifenpanne-Odyssee. Zwischen fr\u00fchmorgendlichen Ausblicken und der Erkenntnis, dass wir mehr B\u00e4ume und weniger Asphalt brauchen, sammeln sich wieder die kleinen und gro\u00dfen Geschichten meines banalen Alltags.<\/p>\n\n\n\n<p class=\"wp-block-paragraph\">Zus\u00e4tzlich gibt es einiges an neuer Musik vom <strong><a href=\"https:\/\/schubladenerinnerungen.de\/blog\/2025\/07\/01\/aus-lauffen-raus\/#dadanaut\" data-type=\"internal\" data-id=\"#dadanaut\">Dadanaut<\/a><\/strong>.<\/p>\n\n\n\n<div style=\"height:25px\" aria-hidden=\"true\" class=\"wp-block-spacer\"><\/div>\n\n\n\n<figure class=\"wp-block-image size-full is-resized\"><a href=\"https:\/\/schubladenerinnerungen.de\/blog\/wp-content\/uploads\/2025\/06\/2025-06-01__13-19-40.jpeg\"><img loading=\"lazy\" decoding=\"async\" width=\"2048\" height=\"1318\" src=\"https:\/\/schubladenerinnerungen.de\/blog\/wp-content\/uploads\/2025\/06\/2025-06-01__13-19-40.jpeg\" alt=\"\" class=\"wp-image-19949\" style=\"width:840px;height:auto\" srcset=\"https:\/\/schubladenerinnerungen.de\/blog\/wp-content\/uploads\/2025\/06\/2025-06-01__13-19-40.jpeg 2048w, https:\/\/schubladenerinnerungen.de\/blog\/wp-content\/uploads\/2025\/06\/2025-06-01__13-19-40-300x193.jpeg 300w, https:\/\/schubladenerinnerungen.de\/blog\/wp-content\/uploads\/2025\/06\/2025-06-01__13-19-40-768x494.jpeg 768w, https:\/\/schubladenerinnerungen.de\/blog\/wp-content\/uploads\/2025\/06\/2025-06-01__13-19-40-1536x989.jpeg 1536w, https:\/\/schubladenerinnerungen.de\/blog\/wp-content\/uploads\/2025\/06\/2025-06-01__13-19-40-1250x804.jpeg 1250w, https:\/\/schubladenerinnerungen.de\/blog\/wp-content\/uploads\/2025\/06\/2025-06-01__13-19-40-400x257.jpeg 400w\" sizes=\"auto, (max-width: 2048px) 100vw, 2048px\" \/><\/a><\/figure>\n\n\n\n<div style=\"height:10px\" aria-hidden=\"true\" class=\"wp-block-spacer\"><\/div>\n\n\n\n<p class=\"wp-block-paragraph\">Mit <strong>Hendrik<\/strong> <a href=\"https:\/\/www.schubladenerinnerungen.de\/stapel\/index.php?\/created-monthly-list-2025-06-01\" target=\"_blank\" data-type=\"link\" data-id=\"https:\/\/www.schubladenerinnerungen.de\/stapel\/index.php?\/created-monthly-list-2025-06-01\" rel=\"noreferrer noopener\">von Burg zu Burg<\/a>.<\/p>\n\n\n\n<div style=\"height:25px\" aria-hidden=\"true\" class=\"wp-block-spacer\"><\/div>\n\n\n\n<!--more-->\n\n\n\n<figure class=\"wp-block-image size-full is-resized\"><a href=\"https:\/\/schubladenerinnerungen.de\/blog\/wp-content\/uploads\/2025\/06\/2025-06-02__07-38-43.jpeg\"><img loading=\"lazy\" decoding=\"async\" width=\"2048\" height=\"1393\" src=\"https:\/\/schubladenerinnerungen.de\/blog\/wp-content\/uploads\/2025\/06\/2025-06-02__07-38-43.jpeg\" alt=\"\" class=\"wp-image-19951\" style=\"width:840px;height:auto\" srcset=\"https:\/\/schubladenerinnerungen.de\/blog\/wp-content\/uploads\/2025\/06\/2025-06-02__07-38-43.jpeg 2048w, https:\/\/schubladenerinnerungen.de\/blog\/wp-content\/uploads\/2025\/06\/2025-06-02__07-38-43-300x204.jpeg 300w, https:\/\/schubladenerinnerungen.de\/blog\/wp-content\/uploads\/2025\/06\/2025-06-02__07-38-43-768x522.jpeg 768w, https:\/\/schubladenerinnerungen.de\/blog\/wp-content\/uploads\/2025\/06\/2025-06-02__07-38-43-1536x1045.jpeg 1536w, https:\/\/schubladenerinnerungen.de\/blog\/wp-content\/uploads\/2025\/06\/2025-06-02__07-38-43-1250x850.jpeg 1250w, https:\/\/schubladenerinnerungen.de\/blog\/wp-content\/uploads\/2025\/06\/2025-06-02__07-38-43-400x272.jpeg 400w\" sizes=\"auto, (max-width: 2048px) 100vw, 2048px\" \/><\/a><\/figure>\n\n\n\n<div style=\"height:10px\" aria-hidden=\"true\" class=\"wp-block-spacer\"><\/div>\n\n\n\n<p class=\"wp-block-paragraph\">Es ist einfach um jeden Baum schade &#8230;<\/p>\n\n\n\n<div style=\"height:25px\" aria-hidden=\"true\" class=\"wp-block-spacer\"><\/div>\n\n\n    <video-js id=\"videojs69f5b461d7a19\" class=\"vjs-big-play-centered\" controls preload=\"auto\" poster=\"https:\/\/schubladenerinnerungen.de\/blog\/wp-content\/uploads\/2025\/06\/Auf-der-Panoramastrasse.png\" playsinline data-setup='{\"fluid\": true}'>\r\n        <source src=\"https:\/\/schubladenerinnerungen.de\/blog\/wp-content\/uploads\/2025\/06\/Auf-der-Panoramastrasse.mp4\" type=\"video\/mp4\" \/>\r\n    <\/video-js>\r\n           \n\n\n\n<div style=\"height:10px\" aria-hidden=\"true\" class=\"wp-block-spacer\"><\/div>\n\n\n\n<p class=\"wp-block-paragraph\">Mal so ein Schwenk von der Panoramastra\u00dfe.<\/p>\n\n\n\n<div style=\"height:25px\" aria-hidden=\"true\" class=\"wp-block-spacer\"><\/div>\n\n\n\n<figure class=\"wp-block-image size-full is-resized\"><a href=\"https:\/\/schubladenerinnerungen.de\/blog\/wp-content\/uploads\/2025\/06\/2025-06-06__07-19-20.jpeg\"><img loading=\"lazy\" decoding=\"async\" width=\"2048\" height=\"1424\" src=\"https:\/\/schubladenerinnerungen.de\/blog\/wp-content\/uploads\/2025\/06\/2025-06-06__07-19-20.jpeg\" alt=\"\" class=\"wp-image-19953\" style=\"width:840px;height:auto\" srcset=\"https:\/\/schubladenerinnerungen.de\/blog\/wp-content\/uploads\/2025\/06\/2025-06-06__07-19-20.jpeg 2048w, https:\/\/schubladenerinnerungen.de\/blog\/wp-content\/uploads\/2025\/06\/2025-06-06__07-19-20-300x209.jpeg 300w, https:\/\/schubladenerinnerungen.de\/blog\/wp-content\/uploads\/2025\/06\/2025-06-06__07-19-20-768x534.jpeg 768w, https:\/\/schubladenerinnerungen.de\/blog\/wp-content\/uploads\/2025\/06\/2025-06-06__07-19-20-1536x1068.jpeg 1536w, https:\/\/schubladenerinnerungen.de\/blog\/wp-content\/uploads\/2025\/06\/2025-06-06__07-19-20-1250x869.jpeg 1250w, https:\/\/schubladenerinnerungen.de\/blog\/wp-content\/uploads\/2025\/06\/2025-06-06__07-19-20-400x278.jpeg 400w\" sizes=\"auto, (max-width: 2048px) 100vw, 2048px\" \/><\/a><\/figure>\n\n\n\n<div style=\"height:10px\" aria-hidden=\"true\" class=\"wp-block-spacer\"><\/div>\n\n\n\n<p class=\"wp-block-paragraph\">Immer mehr <a href=\"#weinberge\" data-type=\"internal\" data-id=\"#weinberge\">Weinberge verschwinden<\/a>. Das ver\u00e4ndert die Aussicht. Vielleicht wird bald ein junger Wald diese Aussicht verdecken? Vielleicht ensteht hier ein Olivenhain? Vielleicht sogar Lauffener Hopfen f\u00fcr das erste Craftbier aus Lauffen?<\/p>\n\n\n\n<div style=\"height:25px\" aria-hidden=\"true\" class=\"wp-block-spacer\"><\/div>\n\n\n\n<figure class=\"wp-block-image size-full is-resized\"><a href=\"https:\/\/schubladenerinnerungen.de\/blog\/wp-content\/uploads\/2025\/06\/Bildarchiv.jpg\"><img loading=\"lazy\" decoding=\"async\" width=\"2448\" height=\"1839\" src=\"https:\/\/schubladenerinnerungen.de\/blog\/wp-content\/uploads\/2025\/06\/Bildarchiv.jpg\" alt=\"\" class=\"wp-image-19959\" style=\"width:840px;height:auto\" srcset=\"https:\/\/schubladenerinnerungen.de\/blog\/wp-content\/uploads\/2025\/06\/Bildarchiv.jpg 2448w, https:\/\/schubladenerinnerungen.de\/blog\/wp-content\/uploads\/2025\/06\/Bildarchiv-300x225.jpg 300w, https:\/\/schubladenerinnerungen.de\/blog\/wp-content\/uploads\/2025\/06\/Bildarchiv-2048x1539.jpg 2048w, https:\/\/schubladenerinnerungen.de\/blog\/wp-content\/uploads\/2025\/06\/Bildarchiv-768x577.jpg 768w, https:\/\/schubladenerinnerungen.de\/blog\/wp-content\/uploads\/2025\/06\/Bildarchiv-1536x1154.jpg 1536w, https:\/\/schubladenerinnerungen.de\/blog\/wp-content\/uploads\/2025\/06\/Bildarchiv-1250x939.jpg 1250w, https:\/\/schubladenerinnerungen.de\/blog\/wp-content\/uploads\/2025\/06\/Bildarchiv-400x300.jpg 400w\" sizes=\"auto, (max-width: 2448px) 100vw, 2448px\" \/><\/a><\/figure>\n\n\n\n<div style=\"height:10px\" aria-hidden=\"true\" class=\"wp-block-spacer\"><\/div>\n\n\n\n<p class=\"wp-block-paragraph\">Erinnerung an Erinnerungen.<\/p>\n\n\n\n<div style=\"height:25px\" aria-hidden=\"true\" class=\"wp-block-spacer\"><\/div>\n\n\n    <video-js id=\"videojs69f5b461d7a46\" class=\"vjs-big-play-centered\" controls preload=\"auto\" poster=\"https:\/\/schubladenerinnerungen.de\/blog\/wp-content\/uploads\/2025\/06\/Die-Serpentinen-der-Panoramastrasse.png\" playsinline data-setup='{\"fluid\": true}'>\r\n        <source src=\"https:\/\/schubladenerinnerungen.de\/blog\/wp-content\/uploads\/2025\/06\/Die-Serpentinen-der-Panoramastrasse.mp4\" type=\"video\/mp4\" \/>\r\n    <\/video-js>\r\n           \n\n\n\n<div style=\"height:10px\" aria-hidden=\"true\" class=\"wp-block-spacer\"><\/div>\n\n\n    <video-js id=\"videojs69f5b461d7a6a\" class=\"vjs-big-play-centered\" controls preload=\"auto\" poster=\"https:\/\/schubladenerinnerungen.de\/blog\/wp-content\/uploads\/2025\/06\/vlcsnap-2025-06-22-12h13m33s520.png\" playsinline data-setup='{\"fluid\": true}'>\r\n        <source src=\"https:\/\/schubladenerinnerungen.de\/blog\/wp-content\/uploads\/2025\/06\/VID_20250617_071934.mp4\" type=\"video\/mp4\" \/>\r\n    <\/video-js>\r\n           \n\n\n\n<div style=\"height:10px\" aria-hidden=\"true\" class=\"wp-block-spacer\"><\/div>\n\n\n\n<p class=\"wp-block-paragraph\">Am fr\u00fchen Morgen ist bereits viel los. Da k\u00f6nnt ich schier ewig genie\u00dfen&#8230;<\/p>\n\n\n\n<div style=\"height:25px\" aria-hidden=\"true\" class=\"wp-block-spacer\"><\/div>\n\n\n\n<figure class=\"wp-block-image size-full is-resized\"><a href=\"https:\/\/schubladenerinnerungen.de\/blog\/wp-content\/uploads\/2025\/06\/Matsch.jpg\"><img loading=\"lazy\" decoding=\"async\" width=\"2048\" height=\"975\" src=\"https:\/\/schubladenerinnerungen.de\/blog\/wp-content\/uploads\/2025\/06\/Matsch.jpg\" alt=\"\" class=\"wp-image-19956\" style=\"width:840px;height:auto\" srcset=\"https:\/\/schubladenerinnerungen.de\/blog\/wp-content\/uploads\/2025\/06\/Matsch.jpg 2048w, https:\/\/schubladenerinnerungen.de\/blog\/wp-content\/uploads\/2025\/06\/Matsch-300x143.jpg 300w, https:\/\/schubladenerinnerungen.de\/blog\/wp-content\/uploads\/2025\/06\/Matsch-768x366.jpg 768w, https:\/\/schubladenerinnerungen.de\/blog\/wp-content\/uploads\/2025\/06\/Matsch-1536x731.jpg 1536w, https:\/\/schubladenerinnerungen.de\/blog\/wp-content\/uploads\/2025\/06\/Matsch-1250x595.jpg 1250w, https:\/\/schubladenerinnerungen.de\/blog\/wp-content\/uploads\/2025\/06\/Matsch-400x190.jpg 400w\" sizes=\"auto, (max-width: 2048px) 100vw, 2048px\" \/><\/a><\/figure>\n\n\n\n<div style=\"height:10px\" aria-hidden=\"true\" class=\"wp-block-spacer\"><\/div>\n\n\n\n<p class=\"wp-block-paragraph\">Die \u00c4cker waren mal wieder auf <a href=\"https:\/\/schubladenerinnerungen.de\/blog\/2018\/09\/07\/wenn-die-aecker-wandern\/\" data-type=\"link\" data-id=\"https:\/\/schubladenerinnerungen.de\/blog\/2018\/09\/07\/wenn-die-aecker-wandern\/\">Wanderschaft<\/a>.<\/p>\n\n\n\n<div style=\"height:25px\" aria-hidden=\"true\" id=\"ehmetsklinge\" class=\"wp-block-spacer\"><\/div>\n\n\n\n<figure class=\"wp-block-image size-full is-resized\"><a href=\"https:\/\/schubladenerinnerungen.de\/blog\/wp-content\/uploads\/2025\/06\/2025-06-07__13-03-04.jpeg\"><img loading=\"lazy\" decoding=\"async\" width=\"2048\" height=\"1316\" src=\"https:\/\/schubladenerinnerungen.de\/blog\/wp-content\/uploads\/2025\/06\/2025-06-07__13-03-04.jpeg\" alt=\"\" class=\"wp-image-19979\" style=\"width:840px;height:auto\" srcset=\"https:\/\/schubladenerinnerungen.de\/blog\/wp-content\/uploads\/2025\/06\/2025-06-07__13-03-04.jpeg 2048w, https:\/\/schubladenerinnerungen.de\/blog\/wp-content\/uploads\/2025\/06\/2025-06-07__13-03-04-300x193.jpeg 300w, https:\/\/schubladenerinnerungen.de\/blog\/wp-content\/uploads\/2025\/06\/2025-06-07__13-03-04-768x494.jpeg 768w, https:\/\/schubladenerinnerungen.de\/blog\/wp-content\/uploads\/2025\/06\/2025-06-07__13-03-04-1536x987.jpeg 1536w, https:\/\/schubladenerinnerungen.de\/blog\/wp-content\/uploads\/2025\/06\/2025-06-07__13-03-04-1250x803.jpeg 1250w, https:\/\/schubladenerinnerungen.de\/blog\/wp-content\/uploads\/2025\/06\/2025-06-07__13-03-04-400x257.jpeg 400w\" sizes=\"auto, (max-width: 2048px) 100vw, 2048px\" \/><\/a><\/figure>\n\n\n\n<div style=\"height:10px\" aria-hidden=\"true\" class=\"wp-block-spacer\"><\/div>\n\n\n\n<p class=\"wp-block-paragraph\">Um die <strong><a href=\"https:\/\/www.schubladenerinnerungen.de\/stapel\/index.php?\/category\/seenweg\" target=\"_blank\" data-type=\"link\" data-id=\"https:\/\/www.schubladenerinnerungen.de\/stapel\/index.php?\/category\/seenweg\" rel=\"noreferrer noopener\">Ehmetsklinge<\/a><\/strong>.<\/p>\n\n\n\n<div style=\"height:25px\" aria-hidden=\"true\" id=\"breitenauersee\" class=\"wp-block-spacer\"><\/div>\n\n\n\n<figure class=\"wp-block-image size-full is-resized\"><a href=\"https:\/\/schubladenerinnerungen.de\/blog\/wp-content\/uploads\/2025\/06\/2025-06-09__13-13-46.jpeg\"><img loading=\"lazy\" decoding=\"async\" width=\"2048\" height=\"1332\" src=\"https:\/\/schubladenerinnerungen.de\/blog\/wp-content\/uploads\/2025\/06\/2025-06-09__13-13-46.jpeg\" alt=\"\" class=\"wp-image-19981\" style=\"width:840px;height:auto\" srcset=\"https:\/\/schubladenerinnerungen.de\/blog\/wp-content\/uploads\/2025\/06\/2025-06-09__13-13-46.jpeg 2048w, https:\/\/schubladenerinnerungen.de\/blog\/wp-content\/uploads\/2025\/06\/2025-06-09__13-13-46-300x195.jpeg 300w, https:\/\/schubladenerinnerungen.de\/blog\/wp-content\/uploads\/2025\/06\/2025-06-09__13-13-46-768x500.jpeg 768w, https:\/\/schubladenerinnerungen.de\/blog\/wp-content\/uploads\/2025\/06\/2025-06-09__13-13-46-1536x999.jpeg 1536w, https:\/\/schubladenerinnerungen.de\/blog\/wp-content\/uploads\/2025\/06\/2025-06-09__13-13-46-1250x813.jpeg 1250w, https:\/\/schubladenerinnerungen.de\/blog\/wp-content\/uploads\/2025\/06\/2025-06-09__13-13-46-400x260.jpeg 400w\" sizes=\"auto, (max-width: 2048px) 100vw, 2048px\" \/><\/a><\/figure>\n\n\n\n<div style=\"height:10px\" aria-hidden=\"true\" class=\"wp-block-spacer\"><\/div>\n\n\n\n<p class=\"wp-block-paragraph\"><a href=\"https:\/\/www.schubladenerinnerungen.de\/stapel\/index.php?\/category\/affaltrach--breitenauer-see\" target=\"_blank\" data-type=\"link\" data-id=\"https:\/\/www.schubladenerinnerungen.de\/stapel\/index.php?\/category\/affaltrach--breitenauer-see\" rel=\"noreferrer noopener\">Von<\/a> <strong>Affaltrach<\/strong> zum <strong>Breitenauer See<\/strong>, etwas drum rum und zur\u00fcck nach <strong>Affaltrach<\/strong>.<\/p>\n\n\n\n<div style=\"height:25px\" aria-hidden=\"true\" class=\"wp-block-spacer\"><\/div>\n\n\n\n<figure class=\"wp-block-image size-full is-resized\"><a href=\"https:\/\/schubladenerinnerungen.de\/blog\/wp-content\/uploads\/2025\/06\/Eidechse-scaled.jpg\"><img loading=\"lazy\" decoding=\"async\" width=\"2560\" height=\"1219\" src=\"https:\/\/schubladenerinnerungen.de\/blog\/wp-content\/uploads\/2025\/06\/Eidechse-scaled.jpg\" alt=\"\" class=\"wp-image-19967\" style=\"width:840px;height:auto\" srcset=\"https:\/\/schubladenerinnerungen.de\/blog\/wp-content\/uploads\/2025\/06\/Eidechse-scaled.jpg 2560w, https:\/\/schubladenerinnerungen.de\/blog\/wp-content\/uploads\/2025\/06\/Eidechse-300x143.jpg 300w, https:\/\/schubladenerinnerungen.de\/blog\/wp-content\/uploads\/2025\/06\/Eidechse-2048x975.jpg 2048w, https:\/\/schubladenerinnerungen.de\/blog\/wp-content\/uploads\/2025\/06\/Eidechse-768x366.jpg 768w, https:\/\/schubladenerinnerungen.de\/blog\/wp-content\/uploads\/2025\/06\/Eidechse-1536x732.jpg 1536w, https:\/\/schubladenerinnerungen.de\/blog\/wp-content\/uploads\/2025\/06\/Eidechse-1250x595.jpg 1250w, https:\/\/schubladenerinnerungen.de\/blog\/wp-content\/uploads\/2025\/06\/Eidechse-400x190.jpg 400w\" sizes=\"auto, (max-width: 2560px) 100vw, 2560px\" \/><\/a><\/figure>\n\n\n\n<div style=\"height:10px\" aria-hidden=\"true\" class=\"wp-block-spacer\"><\/div>\n\n\n\n<p class=\"wp-block-paragraph\">Ein Fall von Spionage in der Mittagspause.<\/p>\n\n\n\n<div style=\"height:25px\" aria-hidden=\"true\" class=\"wp-block-spacer\"><\/div>\n\n\n\n<figure class=\"wp-block-image size-full is-resized\"><a href=\"https:\/\/schubladenerinnerungen.de\/blog\/wp-content\/uploads\/2025\/06\/Plattfuss-scaled.jpg\"><img loading=\"lazy\" decoding=\"async\" width=\"2560\" height=\"1219\" src=\"https:\/\/schubladenerinnerungen.de\/blog\/wp-content\/uploads\/2025\/06\/Plattfuss-scaled.jpg\" alt=\"\" class=\"wp-image-19969\" style=\"width:840px;height:auto\" srcset=\"https:\/\/schubladenerinnerungen.de\/blog\/wp-content\/uploads\/2025\/06\/Plattfuss-scaled.jpg 2560w, https:\/\/schubladenerinnerungen.de\/blog\/wp-content\/uploads\/2025\/06\/Plattfuss-300x143.jpg 300w, https:\/\/schubladenerinnerungen.de\/blog\/wp-content\/uploads\/2025\/06\/Plattfuss-2048x975.jpg 2048w, https:\/\/schubladenerinnerungen.de\/blog\/wp-content\/uploads\/2025\/06\/Plattfuss-768x366.jpg 768w, https:\/\/schubladenerinnerungen.de\/blog\/wp-content\/uploads\/2025\/06\/Plattfuss-1536x732.jpg 1536w, https:\/\/schubladenerinnerungen.de\/blog\/wp-content\/uploads\/2025\/06\/Plattfuss-1250x595.jpg 1250w, https:\/\/schubladenerinnerungen.de\/blog\/wp-content\/uploads\/2025\/06\/Plattfuss-400x190.jpg 400w\" sizes=\"auto, (max-width: 2560px) 100vw, 2560px\" \/><\/a><\/figure>\n\n\n\n<div style=\"height:10px\" aria-hidden=\"true\" class=\"wp-block-spacer\"><\/div>\n\n\n\n<p class=\"wp-block-paragraph\">Reifenpanne mitten im Wald. Ich wei\u00df nicht wer mitten im Wald mit dem B\u00fcrohefter hantiert hat, und dabei eine Heftklammer verlor. Wie auch immer, ich habe sie gefunden. Somit kann sich die Person mit mir in Verbindung setzen, und sie wiederhaben.<\/p>\n\n\n\n<p class=\"wp-block-paragraph\">Leider hatte ich den falschen Ersatzschlauch dabei. Der hatte ein zu kurzes Ventil. Also musste ich den perforierten Schlauch flicken. Das hat wunderbar geklappt. Aber dann hat meine Luftpumpe gestreikt. Ich konnte kaum noch Luft in den Reifen bekommen. Schon gar nicht den n\u00f6tigen Druck, damit der Schlauch richtig in die Felge gepasst h\u00e4tte.<\/p>\n\n\n\n<p class=\"wp-block-paragraph\">Und das alles mitten im Wald, w\u00e4hrend mich M\u00fccken attackierten und es bestimmt 35 Grad hatte.<\/p>\n\n\n\n<p class=\"wp-block-paragraph\">Ich musste bis zum dritten netten Mitradler warten. Der hatte eine CO<sup>2<\/sup>-Kartusche f\u00fcr mich \u00fcbrig. Aber auch die brachte nicht den n\u00f6tigen Druck, und es entstand ein Ei. Dennoch konnte ich mit einem h\u00fcpfenden Hinterrad, nach einer gef\u00fchlten Ewigkeit, zum n\u00e4chsten Radladen in Heilbronn gelangen.<\/p>\n\n\n\n<p class=\"wp-block-paragraph\">Dort bekam ich den n\u00f6tigen Druck in den Reifen, kaufte eine neue Pumpe, zus\u00e4tzliche Ersatzschl\u00e4uche die passen, und endlich mal einen Adapter f\u00fcr Autopumpen (damit ich notfalls auch an Tankstellen Luft bekommen kann).<\/p>\n\n\n\n<p class=\"wp-block-paragraph\">Und dann ab nach Hause: Dusche, Essen und ein k\u00fchles Bierchen.<\/p>\n\n\n\n<p class=\"wp-block-paragraph\">Und nochmal vielen Dank f\u00fcr die CO<sup>2<\/sup>-Kartusche!<\/p>\n\n\n\n<div style=\"height:25px\" aria-hidden=\"true\" class=\"wp-block-spacer\"><\/div>\n\n\n\n<figure class=\"wp-block-image size-full is-resized\"><a href=\"https:\/\/schubladenerinnerungen.de\/blog\/wp-content\/uploads\/2025\/06\/2025-06-15__13-58-23.jpeg\"><img loading=\"lazy\" decoding=\"async\" width=\"2048\" height=\"1288\" src=\"https:\/\/schubladenerinnerungen.de\/blog\/wp-content\/uploads\/2025\/06\/2025-06-15__13-58-23.jpeg\" alt=\"\" class=\"wp-image-19987\" style=\"width:840px;height:auto\" srcset=\"https:\/\/schubladenerinnerungen.de\/blog\/wp-content\/uploads\/2025\/06\/2025-06-15__13-58-23.jpeg 2048w, https:\/\/schubladenerinnerungen.de\/blog\/wp-content\/uploads\/2025\/06\/2025-06-15__13-58-23-300x189.jpeg 300w, https:\/\/schubladenerinnerungen.de\/blog\/wp-content\/uploads\/2025\/06\/2025-06-15__13-58-23-768x483.jpeg 768w, https:\/\/schubladenerinnerungen.de\/blog\/wp-content\/uploads\/2025\/06\/2025-06-15__13-58-23-1536x966.jpeg 1536w, https:\/\/schubladenerinnerungen.de\/blog\/wp-content\/uploads\/2025\/06\/2025-06-15__13-58-23-1250x786.jpeg 1250w, https:\/\/schubladenerinnerungen.de\/blog\/wp-content\/uploads\/2025\/06\/2025-06-15__13-58-23-400x252.jpeg 400w\" sizes=\"auto, (max-width: 2048px) 100vw, 2048px\" \/><\/a><\/figure>\n\n\n\n<div style=\"height:10px\" aria-hidden=\"true\" class=\"wp-block-spacer\"><\/div>\n\n\n\n<p class=\"wp-block-paragraph\"><strong>Yvi<\/strong>, <strong>Christian<\/strong>, <strong>Strack<\/strong> und <strong>Dink<\/strong> <a href=\"https:\/\/www.schubladenerinnerungen.de\/stapel\/index.php?\/category\/yv-christian-strack-dink--hessigheim\" data-type=\"link\" data-id=\"https:\/\/www.schubladenerinnerungen.de\/stapel\/index.php?\/category\/yv-christian-strack-dink--hessigheim\" target=\"_blank\" rel=\"noreferrer noopener\">unterwegs<\/a> nach <strong>Hessigheim<\/strong> und zur\u00fcck. Eine wundersch\u00f6ne Tour.<\/p>\n\n\n\n<div style=\"height:25px\" aria-hidden=\"true\" class=\"wp-block-spacer\"><\/div>\n\n\n\n<figure class=\"wp-block-image size-full is-resized\"><a href=\"https:\/\/schubladenerinnerungen.de\/blog\/wp-content\/uploads\/2025\/06\/2025-06-20__15-23-02.jpeg\"><img loading=\"lazy\" decoding=\"async\" width=\"2048\" height=\"2048\" src=\"https:\/\/schubladenerinnerungen.de\/blog\/wp-content\/uploads\/2025\/06\/2025-06-20__15-23-02.jpeg\" alt=\"\" class=\"wp-image-20054\" style=\"width:840px;height:auto\" srcset=\"https:\/\/schubladenerinnerungen.de\/blog\/wp-content\/uploads\/2025\/06\/2025-06-20__15-23-02.jpeg 2048w, https:\/\/schubladenerinnerungen.de\/blog\/wp-content\/uploads\/2025\/06\/2025-06-20__15-23-02-300x300.jpeg 300w, https:\/\/schubladenerinnerungen.de\/blog\/wp-content\/uploads\/2025\/06\/2025-06-20__15-23-02-1600x1600.jpeg 1600w, https:\/\/schubladenerinnerungen.de\/blog\/wp-content\/uploads\/2025\/06\/2025-06-20__15-23-02-150x150.jpeg 150w, https:\/\/schubladenerinnerungen.de\/blog\/wp-content\/uploads\/2025\/06\/2025-06-20__15-23-02-768x768.jpeg 768w, https:\/\/schubladenerinnerungen.de\/blog\/wp-content\/uploads\/2025\/06\/2025-06-20__15-23-02-1536x1536.jpeg 1536w, https:\/\/schubladenerinnerungen.de\/blog\/wp-content\/uploads\/2025\/06\/2025-06-20__15-23-02-60x60.jpeg 60w, https:\/\/schubladenerinnerungen.de\/blog\/wp-content\/uploads\/2025\/06\/2025-06-20__15-23-02-1250x1250.jpeg 1250w, https:\/\/schubladenerinnerungen.de\/blog\/wp-content\/uploads\/2025\/06\/2025-06-20__15-23-02-400x400.jpeg 400w, https:\/\/schubladenerinnerungen.de\/blog\/wp-content\/uploads\/2025\/06\/2025-06-20__15-23-02-200x200.jpeg 200w\" sizes=\"auto, (max-width: 2048px) 100vw, 2048px\" \/><\/a><\/figure>\n\n\n\n<div style=\"height:10px\" aria-hidden=\"true\" class=\"wp-block-spacer\"><\/div>\n\n\n\n<p class=\"wp-block-paragraph\">Doch schon wieder so sp\u00e4t im Jahr&#8230;? Oder hat da jemand <a href=\"https:\/\/www.youtube.com\/watch?v=JRL5Z1k60tg\" data-type=\"link\" data-id=\"https:\/\/www.youtube.com\/watch?v=JRL5Z1k60tg\" target=\"_blank\" rel=\"noopener\">an der Uhr gedreht<\/a>?<\/p>\n\n\n\n<div style=\"height:25px\" aria-hidden=\"true\" class=\"wp-block-spacer\"><\/div>\n\n\n\n<figure class=\"wp-block-image size-full is-resized\"><a href=\"https:\/\/schubladenerinnerungen.de\/blog\/wp-content\/uploads\/2025\/06\/2025-06-21__10-40-20.jpeg\"><img loading=\"lazy\" decoding=\"async\" width=\"2048\" height=\"1270\" src=\"https:\/\/schubladenerinnerungen.de\/blog\/wp-content\/uploads\/2025\/06\/2025-06-21__10-40-20.jpeg\" alt=\"\" class=\"wp-image-20078\" style=\"width:840px;height:auto\" srcset=\"https:\/\/schubladenerinnerungen.de\/blog\/wp-content\/uploads\/2025\/06\/2025-06-21__10-40-20.jpeg 2048w, https:\/\/schubladenerinnerungen.de\/blog\/wp-content\/uploads\/2025\/06\/2025-06-21__10-40-20-300x186.jpeg 300w, https:\/\/schubladenerinnerungen.de\/blog\/wp-content\/uploads\/2025\/06\/2025-06-21__10-40-20-768x476.jpeg 768w, https:\/\/schubladenerinnerungen.de\/blog\/wp-content\/uploads\/2025\/06\/2025-06-21__10-40-20-1536x953.jpeg 1536w, https:\/\/schubladenerinnerungen.de\/blog\/wp-content\/uploads\/2025\/06\/2025-06-21__10-40-20-1250x775.jpeg 1250w, https:\/\/schubladenerinnerungen.de\/blog\/wp-content\/uploads\/2025\/06\/2025-06-21__10-40-20-400x248.jpeg 400w\" sizes=\"auto, (max-width: 2048px) 100vw, 2048px\" \/><\/a><\/figure>\n\n\n\n<div style=\"height:10px\" aria-hidden=\"true\" class=\"wp-block-spacer\"><\/div>\n\n\n\n<p class=\"wp-block-paragraph\">Ne <a href=\"https:\/\/www.schubladenerinnerungen.de\/stapel\/index.php?\/category\/nach-zaberfeld-und-irgendwie-zurueck\" data-type=\"link\" data-id=\"https:\/\/www.schubladenerinnerungen.de\/stapel\/index.php?\/category\/nach-zaberfeld-und-irgendwie-zurueck\" target=\"_blank\" rel=\"noreferrer noopener\">Tour<\/a> mit\u2019m Radl nach <strong>Zaberfeld<\/strong> und \u00fcber ein paar H\u00fcgel irgendwie zur\u00fcck (grob: Lauffen &#8211; Zaberfeld &#8211; Stockheim &#8211; Neipberg &#8211; H\u00f6rnle [Brackenheim] &#8211; Lauffen).<\/p>\n\n\n\n<div style=\"height:25px\" aria-hidden=\"true\" class=\"wp-block-spacer\"><\/div>\n\n\n\n<figure class=\"wp-block-image size-full is-resized\"><a href=\"https:\/\/schubladenerinnerungen.de\/blog\/wp-content\/uploads\/2025\/06\/2025-06-25__07-19-26.jpeg\"><img loading=\"lazy\" decoding=\"async\" width=\"2048\" height=\"1397\" src=\"https:\/\/schubladenerinnerungen.de\/blog\/wp-content\/uploads\/2025\/06\/2025-06-25__07-19-26.jpeg\" alt=\"\" class=\"wp-image-20100\" style=\"width:840px;height:auto\" srcset=\"https:\/\/schubladenerinnerungen.de\/blog\/wp-content\/uploads\/2025\/06\/2025-06-25__07-19-26.jpeg 2048w, https:\/\/schubladenerinnerungen.de\/blog\/wp-content\/uploads\/2025\/06\/2025-06-25__07-19-26-300x205.jpeg 300w, https:\/\/schubladenerinnerungen.de\/blog\/wp-content\/uploads\/2025\/06\/2025-06-25__07-19-26-768x524.jpeg 768w, https:\/\/schubladenerinnerungen.de\/blog\/wp-content\/uploads\/2025\/06\/2025-06-25__07-19-26-1536x1048.jpeg 1536w, https:\/\/schubladenerinnerungen.de\/blog\/wp-content\/uploads\/2025\/06\/2025-06-25__07-19-26-1250x853.jpeg 1250w, https:\/\/schubladenerinnerungen.de\/blog\/wp-content\/uploads\/2025\/06\/2025-06-25__07-19-26-400x273.jpeg 400w\" sizes=\"auto, (max-width: 2048px) 100vw, 2048px\" \/><\/a><\/figure>\n\n\n\n<div style=\"height:10px\" aria-hidden=\"true\" class=\"wp-block-spacer\"><\/div>\n\n\n\n<p class=\"wp-block-paragraph\">Wir brauchen sehr viel mehr B\u00e4ume. Weniger Parkpl\u00e4tze, weniger Steinhecken und -g\u00e4rten und weniger Klimaanlagen und weniger Stra\u00dfen und weniger &#8230;<\/p>\n\n\n\n<div style=\"height:25px\" aria-hidden=\"true\" class=\"wp-block-spacer\"><\/div>\n\n\n\n<figure class=\"wp-block-image size-full is-resized\"><a href=\"https:\/\/schubladenerinnerungen.de\/blog\/wp-content\/uploads\/2025\/06\/2025-06-27__16-14-52.jpeg\"><img loading=\"lazy\" decoding=\"async\" width=\"2048\" height=\"1289\" src=\"https:\/\/schubladenerinnerungen.de\/blog\/wp-content\/uploads\/2025\/06\/2025-06-27__16-14-52.jpeg\" alt=\"\" class=\"wp-image-20110\" style=\"width:840px;height:auto\" srcset=\"https:\/\/schubladenerinnerungen.de\/blog\/wp-content\/uploads\/2025\/06\/2025-06-27__16-14-52.jpeg 2048w, https:\/\/schubladenerinnerungen.de\/blog\/wp-content\/uploads\/2025\/06\/2025-06-27__16-14-52-300x189.jpeg 300w, https:\/\/schubladenerinnerungen.de\/blog\/wp-content\/uploads\/2025\/06\/2025-06-27__16-14-52-768x483.jpeg 768w, https:\/\/schubladenerinnerungen.de\/blog\/wp-content\/uploads\/2025\/06\/2025-06-27__16-14-52-1536x967.jpeg 1536w, https:\/\/schubladenerinnerungen.de\/blog\/wp-content\/uploads\/2025\/06\/2025-06-27__16-14-52-1250x787.jpeg 1250w, https:\/\/schubladenerinnerungen.de\/blog\/wp-content\/uploads\/2025\/06\/2025-06-27__16-14-52-400x252.jpeg 400w\" sizes=\"auto, (max-width: 2048px) 100vw, 2048px\" \/><\/a><\/figure>\n\n\n\n<div style=\"height:10px\" aria-hidden=\"true\" class=\"wp-block-spacer\"><\/div>\n\n\n\n<p class=\"wp-block-paragraph\"><a href=\"https:\/\/www.schubladenerinnerungen.de\/stapel\/index.php?\/created-monthly-list-2025-06-27\" target=\"_blank\" data-type=\"link\" data-id=\"https:\/\/www.schubladenerinnerungen.de\/stapel\/index.php?\/created-monthly-list-2025-06-27\" rel=\"noreferrer noopener\">Von<\/a> <strong>Beilstein<\/strong> \u00fcber <strong>L\u00f6wenstein<\/strong> zum <strong>Breitenauer See<\/strong> und weiter nach <strong>Heilbronn<\/strong>.<\/p>\n\n\n\n<div style=\"height:25px\" aria-hidden=\"true\" class=\"wp-block-spacer\"><\/div>\n\n\n\n<figure class=\"wp-block-image size-full is-resized\"><a href=\"https:\/\/schubladenerinnerungen.de\/blog\/wp-content\/uploads\/2025\/06\/IMG_20250628_124943.jpg\"><img loading=\"lazy\" decoding=\"async\" width=\"2048\" height=\"1355\" src=\"https:\/\/schubladenerinnerungen.de\/blog\/wp-content\/uploads\/2025\/06\/IMG_20250628_124943.jpg\" alt=\"\" class=\"wp-image-20113\" style=\"width:840px;height:auto\" srcset=\"https:\/\/schubladenerinnerungen.de\/blog\/wp-content\/uploads\/2025\/06\/IMG_20250628_124943.jpg 2048w, https:\/\/schubladenerinnerungen.de\/blog\/wp-content\/uploads\/2025\/06\/IMG_20250628_124943-300x198.jpg 300w, https:\/\/schubladenerinnerungen.de\/blog\/wp-content\/uploads\/2025\/06\/IMG_20250628_124943-768x508.jpg 768w, https:\/\/schubladenerinnerungen.de\/blog\/wp-content\/uploads\/2025\/06\/IMG_20250628_124943-1536x1016.jpg 1536w, https:\/\/schubladenerinnerungen.de\/blog\/wp-content\/uploads\/2025\/06\/IMG_20250628_124943-1250x827.jpg 1250w, https:\/\/schubladenerinnerungen.de\/blog\/wp-content\/uploads\/2025\/06\/IMG_20250628_124943-400x265.jpg 400w\" sizes=\"auto, (max-width: 2048px) 100vw, 2048px\" \/><\/a><\/figure>\n\n\n\n<div style=\"height:10px\" aria-hidden=\"true\" id=\"weinberge\" class=\"wp-block-spacer\"><\/div>\n\n\n\n<p class=\"wp-block-paragraph\">Der <strong>Prallhang bei Lauffen am Neckar<\/strong> (im Vordergrund) verwildert auch immer mehr.<\/p>\n\n\n\n<p class=\"wp-block-paragraph\">Ein direktes Resultat der schwindenden Rentabilit\u00e4t des Weinbaus. F\u00fcr viele Betriebe rechnet sich die m\u00fchsame Arbeit in den Reben nicht mehr, was zur Aufgabe von Fl\u00e4chen f\u00fchrt.<\/p>\n\n\n\n<div style=\"height:25px\" aria-hidden=\"true\" class=\"wp-block-spacer\"><\/div>\n\n\n\n<h2 class=\"wp-block-heading\">Die aktuelle Krise der Steillagenwirtschaft<\/h2>\n\n\n\n<figure class=\"wp-block-image size-full\"><a href=\"https:\/\/schubladenerinnerungen.de\/blog\/wp-content\/uploads\/2025\/06\/Steilhaenge.jpg\"><img loading=\"lazy\" decoding=\"async\" width=\"2048\" height=\"840\" src=\"https:\/\/schubladenerinnerungen.de\/blog\/wp-content\/uploads\/2025\/06\/Steilhaenge.jpg\" alt=\"\" class=\"wp-image-20149\" srcset=\"https:\/\/schubladenerinnerungen.de\/blog\/wp-content\/uploads\/2025\/06\/Steilhaenge.jpg 2048w, https:\/\/schubladenerinnerungen.de\/blog\/wp-content\/uploads\/2025\/06\/Steilhaenge-300x123.jpg 300w, https:\/\/schubladenerinnerungen.de\/blog\/wp-content\/uploads\/2025\/06\/Steilhaenge-768x315.jpg 768w, https:\/\/schubladenerinnerungen.de\/blog\/wp-content\/uploads\/2025\/06\/Steilhaenge-1536x630.jpg 1536w, https:\/\/schubladenerinnerungen.de\/blog\/wp-content\/uploads\/2025\/06\/Steilhaenge-1250x513.jpg 1250w, https:\/\/schubladenerinnerungen.de\/blog\/wp-content\/uploads\/2025\/06\/Steilhaenge-400x164.jpg 400w\" sizes=\"auto, (max-width: 2048px) 100vw, 2048px\" \/><\/a><\/figure>\n\n\n\n<div style=\"height:15px\" aria-hidden=\"true\" class=\"wp-block-spacer\"><\/div>\n\n\n\n<p class=\"wp-block-paragraph\">Lauffen am Neckar steht exemplarisch f\u00fcr die dramatischen Ver\u00e4nderungen im w\u00fcrttembergischen Weinbau. Mit \u00fcber 600 Hektar Rebfl\u00e4che und einer bis in die R\u00f6merzeit zur\u00fcckreichenden Weinbautradition verk\u00f6rpert die Gemeinde sowohl die St\u00e4rken als auch die existenziellen Herausforderungen der Region. Die charakteristischen Steillagen entlang der Neckarschlinge, kunstvolle Terrassen mit jahrhundertealten Trockenmauern, bilden das Herzst\u00fcck dieser einzigartigen Kulturlandschaft.<\/p>\n\n\n\n<p class=\"wp-block-paragraph\">Doch genau diese landschaftspr\u00e4genden Steillagen sind heute zum Brennpunkt einer tiefen Strukturkrise geworden. Der extrem hohe manuelle Arbeitsaufwand in Weinbergen mit \u00fcber 45 Prozent Hangneigung macht eine maschinelle Bewirtschaftung unm\u00f6glich und f\u00fchrt zu Produktionskosten, die das Drei- bis F\u00fcnffache der Flachlagen betragen. W\u00e4hrend fr\u00fcher Familienbetriebe diese Arbeitslast gemeinsam trugen, sind heutige Winzer zunehmend auf teure Fremdarbeitskr\u00e4fte angewiesen, was bei sinkenden Weinpreisen zu einem fundamentalen Kosten-Nutzen-Ungleichgewicht gef\u00fchrt hat.<\/p>\n\n\n\n<div style=\"height:25px\" aria-hidden=\"true\" class=\"wp-block-spacer\"><\/div>\n\n\n\n<h2 class=\"wp-block-heading\" id=\"innovative-weingter-als-hoffnungstrger\">Innovative Weing\u00fcter aus Lauffen als Hoffnungstr\u00e4ger<\/h2>\n\n\n\n<p class=\"wp-block-paragraph\">Trotz der strukturellen Herausforderungen zeigen innovative Betriebe in Lauffen bemerkenswerte Wege in die Zukunft auf. Das Weingut <strong><a href=\"https:\/\/www.weinguthirth.de\/\" data-type=\"link\" data-id=\"https:\/\/www.weinguthirth.de\/\" target=\"_blank\" rel=\"noreferrer noopener\">HIRTH<\/a><\/strong> hat sich dem biologisch-organischen Weinbau verschrieben und verfolgt mit dem Anspruch, \u201eKunst im Glas&#8220; eine klare Qualit\u00e4tsstrategie f\u00fcr Nischenm\u00e4rkte. Durch die Integration von Weinerlebnissen, einer Brennerei und einer tollen Event-Location verbindet <strong><a href=\"https:\/\/steng-lauffen.de\/\" data-type=\"link\" data-id=\"https:\/\/steng-lauffen.de\/\" target=\"_blank\" rel=\"noreferrer noopener\">Steng<\/a><\/strong> z. B. erfolgreich Weinbau mit Freizeitpublikum und generiert so zus\u00e4tzliche Wertsch\u00f6pfung. Nebenbei sind beide G\u00fcter recht gut befreundet.<\/p>\n\n\n\n<p class=\"wp-block-paragraph\">Das 2013 gegr\u00fcndete Wein- und Sektgut <strong><a href=\"https:\/\/www.weingut-hirschmueller.de\/\" data-type=\"link\" data-id=\"https:\/\/www.weingut-hirschmueller.de\/\" target=\"_blank\" rel=\"noreferrer noopener\">Hirschm\u00fcller<\/a><a href=\"https:\/\/www.weingut-hirschmueller.de\/\" data-type=\"link\" data-id=\"https:\/\/www.weingut-hirschmueller.de\/\" target=\"_blank\" rel=\"noopener\">,<\/a><\/strong> gef\u00fchrt von zwei \u00d6kologen mit frischen Ideen, steht f\u00fcr Modernit\u00e4t und den Mut zu neuen Wegen. Die Anerkennung durch die Weinbruderschaft Heilbronn f\u00fcr ihre \u201eauthentischen Weine, den Mut zur Innovation und den offenen Dialog&#8220; zeigt, dass solche Ans\u00e4tze auf positive Resonanz sto\u00dfen.<\/p>\n\n\n\n<p class=\"wp-block-paragraph\">Gleichzeitig bildet die <strong><a href=\"https:\/\/www.lauffener-wein.de\/\" data-type=\"link\" data-id=\"https:\/\/www.lauffener-wein.de\/\" target=\"_blank\" rel=\"noreferrer noopener\">Lauffener Weing\u00e4rtner eG<\/a><\/strong> mit ihren rund 1.100 Mitgliedern ein stabiles R\u00fcckgrat f\u00fcr die Region. Junge Winzer wie <strong><a href=\"https:\/\/www.lauffener-wein.de\/2023\/10\/05\/vier-jungwinzer-aus-mundelsheim-und-lauffen-starten-durch\/\" data-type=\"link\" data-id=\"https:\/\/www.lauffener-wein.de\/2023\/10\/05\/vier-jungwinzer-aus-mundelsheim-und-lauffen-starten-durch\/\" target=\"_blank\" rel=\"noopener\">Samuel Fink<\/a><\/strong> aus Mundelsheim engagieren sich im EU-Projekt \u201eSteile Weine&#8220; f\u00fcr die Rekonstruktion von Trockenmauern und experimentieren mit neuen, hitzetoleranten Rebsorten, wodurch Tradition und Innovation Hand in Hand gehen.<\/p>\n\n\n\n<div style=\"height:25px\" aria-hidden=\"true\" class=\"wp-block-spacer\"><\/div>\n\n\n\n<h2 class=\"wp-block-heading\" id=\"bedrohung-und-bewahrung-der-kulturlandschaft\">Bedrohung und Bewahrung der Kulturlandschaft<\/h2>\n\n\n\n<figure class=\"wp-block-image size-full\"><a href=\"https:\/\/schubladenerinnerungen.de\/blog\/wp-content\/uploads\/2025\/06\/Kulturlandschaft.jpg\"><img loading=\"lazy\" decoding=\"async\" width=\"2047\" height=\"840\" src=\"https:\/\/schubladenerinnerungen.de\/blog\/wp-content\/uploads\/2025\/06\/Kulturlandschaft.jpg\" alt=\"\" class=\"wp-image-20144\" srcset=\"https:\/\/schubladenerinnerungen.de\/blog\/wp-content\/uploads\/2025\/06\/Kulturlandschaft.jpg 2047w, https:\/\/schubladenerinnerungen.de\/blog\/wp-content\/uploads\/2025\/06\/Kulturlandschaft-300x123.jpg 300w, https:\/\/schubladenerinnerungen.de\/blog\/wp-content\/uploads\/2025\/06\/Kulturlandschaft-768x315.jpg 768w, https:\/\/schubladenerinnerungen.de\/blog\/wp-content\/uploads\/2025\/06\/Kulturlandschaft-1536x630.jpg 1536w, https:\/\/schubladenerinnerungen.de\/blog\/wp-content\/uploads\/2025\/06\/Kulturlandschaft-1250x513.jpg 1250w, https:\/\/schubladenerinnerungen.de\/blog\/wp-content\/uploads\/2025\/06\/Kulturlandschaft-400x164.jpg 400w\" sizes=\"auto, (max-width: 2047px) 100vw, 2047px\" \/><\/a><\/figure>\n\n\n\n<div style=\"height:15px\" aria-hidden=\"true\" class=\"wp-block-spacer\"><\/div>\n\n\n\n<p class=\"wp-block-paragraph\">Die Weinbergaufgabe in Lauffen hat weitreichende Konsequenzen, die weit \u00fcber wirtschaftliche Verluste hinausgehen. Brachliegende Rebfl\u00e4chen verbuschen unkontrolliert und f\u00fchren zur Ausbreitung von Krankheiten wie Mehltau, was die Bewirtschaftung benachbarter Weinberge erschwert. Besonders dramatisch ist der Verfall der landschaftspr\u00e4genden Trockenmauern, die ohne regelm\u00e4\u00dfige Pflege einst\u00fcrzen und durch Erosion unwiederbringlich verloren gehen. Diese einzigartige Terrassenlandschaft verwandelt sich sukzessive in eine undifferenzierte Busch- und Waldlandschaft, wodurch ein unersetzliches St\u00fcck regionaler Identit\u00e4t verschwinden kann.<\/p>\n\n\n\n<p class=\"wp-block-paragraph\">Gleichzeitig gehen wertvolle Biotope verloren, denn die Trockenmauern und sonnenexponierten Steillagen sind einzigartige Lebensr\u00e4ume f\u00fcr hochspezialisierte Tier- und Pflanzenarten. Reptilien wie Eidechsen und Schlingnattern, seltene Schmetterlinge wie der Mauerfuchs sowie zahlreiche Wildbienen- und K\u00e4ferarten finden hier ihre letzten Refugien. Der Erhalt dieser Kulturlandschaft ist daher nicht nur eine Frage des Weinbaus, sondern auch des Naturschutzes und der regionalen Identit\u00e4t. So hat der menschliche Eingriff in die Natur auch einen positiven \u00f6kologischen Nebeneffekt gehabt. Kann das erneut geschafft werden?<\/p>\n\n\n\n<p class=\"wp-block-paragraph\"><strong>Und trotzdem: Wir brauchen mehr Wald! <\/strong><strong>Mehr Wald hilft, das lokale Klima zu regulieren und kann die Regenbildung f\u00f6rdern.<\/strong><\/p>\n\n\n\n<div style=\"height:25px\" aria-hidden=\"true\" class=\"wp-block-spacer\"><\/div>\n\n\n\n<h2 class=\"wp-block-heading\" id=\"zukunftsperspektiven-und-lsungsanstze\">Zukunftsperspektiven und L\u00f6sungsans\u00e4tze<\/h2>\n\n\n\n<p class=\"wp-block-paragraph\">F\u00fcr Lauffen am Neckar k\u00f6nnten sich verschiedene vielversprechende L\u00f6sungsans\u00e4tze abzeichnen, die den Strukturwandel aktiv formen. Die gezielte Aufforstung mit seltenen, trockenheitstoleranten Laubbaumarten wie Elsbeere oder Speierling k\u00f6nnten langfristige \u00f6konomische Perspektiven bieten. Der Anbau von Kr\u00e4utern, Lavendel oder mediterranen Kulturen wie Oliven oder Feigen kann neue Einkommensquellen erschlie\u00dfen und gleichzeitig den Offenlandcharakter bewahren.<\/p>\n\n\n\n<p class=\"wp-block-paragraph\"><strong><a href=\"https:\/\/de.wikipedia.org\/wiki\/Agri-Photovoltaik\" data-type=\"link\" data-id=\"https:\/\/de.wikipedia.org\/wiki\/Agri-Photovoltaik\" target=\"_blank\" rel=\"noreferrer noopener\">Agri-Photovoltaik<\/a><\/strong> erm\u00f6glicht eine doppelte Fl\u00e4chennutzung und bietet stabile Einnahmen bei gleichzeitigem Beitrag zur Energiewende. Entscheidend ist jedoch eine strategische Planung durch Instrumente wie ein Weinbergkataster, um proaktiv geeignete Zonen f\u00fcr alternative Nutzungen auszuweisen. Lauffen am Neckar steht vor der Chance, als Modellregion zu demonstrieren, wie der Wandel im Weinbau nachhaltig und identit\u00e4tsbewahrend gestaltet werden k\u00f6nnte.<\/p>\n\n\n\n<p class=\"wp-block-paragraph\">Wir werden es mitbekommen&#8230;<\/p>\n\n\n\n<div style=\"height:25px\" aria-hidden=\"true\" class=\"wp-block-spacer\"><\/div>\n\n\n\n<figure class=\"wp-block-image size-full is-resized\"><a href=\"https:\/\/schubladenerinnerungen.de\/blog\/wp-content\/uploads\/2025\/06\/IMG_20250629_110132.jpg\"><img loading=\"lazy\" decoding=\"async\" width=\"2048\" height=\"1203\" src=\"https:\/\/schubladenerinnerungen.de\/blog\/wp-content\/uploads\/2025\/06\/IMG_20250629_110132.jpg\" alt=\"\" class=\"wp-image-20152\" style=\"width:840px;height:auto\" srcset=\"https:\/\/schubladenerinnerungen.de\/blog\/wp-content\/uploads\/2025\/06\/IMG_20250629_110132.jpg 2048w, https:\/\/schubladenerinnerungen.de\/blog\/wp-content\/uploads\/2025\/06\/IMG_20250629_110132-300x176.jpg 300w, https:\/\/schubladenerinnerungen.de\/blog\/wp-content\/uploads\/2025\/06\/IMG_20250629_110132-768x451.jpg 768w, https:\/\/schubladenerinnerungen.de\/blog\/wp-content\/uploads\/2025\/06\/IMG_20250629_110132-1536x902.jpg 1536w, https:\/\/schubladenerinnerungen.de\/blog\/wp-content\/uploads\/2025\/06\/IMG_20250629_110132-1250x734.jpg 1250w, https:\/\/schubladenerinnerungen.de\/blog\/wp-content\/uploads\/2025\/06\/IMG_20250629_110132-400x235.jpg 400w\" sizes=\"auto, (max-width: 2048px) 100vw, 2048px\" \/><\/a><\/figure>\n\n\n\n<div style=\"height:10px\" aria-hidden=\"true\" class=\"wp-block-spacer\"><\/div>\n\n\n\n<p class=\"wp-block-paragraph\">Und auch <a href=\"https:\/\/dadanaut.de\/2016\/04\/24\/die-wurzeln-der-dadanauten\/\" target=\"_blank\" data-type=\"link\" data-id=\"https:\/\/dadanaut.de\/2016\/04\/24\/die-wurzeln-der-dadanauten\/\" rel=\"noreferrer noopener\">Proberaum<\/a>?<\/p>\n\n\n\n<div style=\"height:25px\" aria-hidden=\"true\" class=\"wp-block-spacer\"><\/div>\n\n\n\n<div style=\"height:50px\" aria-hidden=\"true\" class=\"wp-block-spacer\"><\/div>\n\n\n\n<hr class=\"wp-block-separator has-alpha-channel-opacity is-style-dots\"\/>\n\n\n\n<div style=\"height:75px\" aria-hidden=\"true\" class=\"wp-block-spacer\"><\/div>\n\n\n\n<h2 class=\"wp-block-heading\"><strong>Aus Lauffen raus und drum rum \u2013 der Radius im Juni<\/strong><\/h2>\n\n\n\n<div style=\"height:15px\" aria-hidden=\"true\" class=\"wp-block-spacer\"><\/div>\n\n\n\n<figure class=\"wp-block-image size-full\"><a href=\"https:\/\/schubladenerinnerungen.de\/blog\/wp-content\/uploads\/2025\/07\/Juni-2025.jpg\"><img loading=\"lazy\" decoding=\"async\" width=\"1108\" height=\"628\" src=\"https:\/\/schubladenerinnerungen.de\/blog\/wp-content\/uploads\/2025\/07\/Juni-2025.jpg\" alt=\"\" class=\"wp-image-20189\" srcset=\"https:\/\/schubladenerinnerungen.de\/blog\/wp-content\/uploads\/2025\/07\/Juni-2025.jpg 1108w, https:\/\/schubladenerinnerungen.de\/blog\/wp-content\/uploads\/2025\/07\/Juni-2025-300x170.jpg 300w, https:\/\/schubladenerinnerungen.de\/blog\/wp-content\/uploads\/2025\/07\/Juni-2025-768x435.jpg 768w, https:\/\/schubladenerinnerungen.de\/blog\/wp-content\/uploads\/2025\/07\/Juni-2025-400x227.jpg 400w\" sizes=\"auto, (max-width: 1108px) 100vw, 1108px\" \/><\/a><\/figure>\n\n\n\n<div style=\"height:10px\" aria-hidden=\"true\" class=\"wp-block-spacer\"><\/div>\n\n\n\n<p class=\"wp-block-paragraph\">Juni: 1.198 km Weite, 9.360 m H\u00f6he, 59 Stunden, 73 Touren.<\/p>\n\n\n\n<div style=\"height:25px\" aria-hidden=\"true\" class=\"wp-block-spacer\"><\/div>\n\n\n\n<figure class=\"wp-block-image size-full\"><a href=\"https:\/\/schubladenerinnerungen.de\/blog\/wp-content\/uploads\/2025\/07\/sportractive.jpg\"><img loading=\"lazy\" decoding=\"async\" width=\"1080\" height=\"1080\" src=\"https:\/\/schubladenerinnerungen.de\/blog\/wp-content\/uploads\/2025\/07\/sportractive.jpg\" alt=\"\" class=\"wp-image-20224\" srcset=\"https:\/\/schubladenerinnerungen.de\/blog\/wp-content\/uploads\/2025\/07\/sportractive.jpg 1080w, https:\/\/schubladenerinnerungen.de\/blog\/wp-content\/uploads\/2025\/07\/sportractive-300x300.jpg 300w, https:\/\/schubladenerinnerungen.de\/blog\/wp-content\/uploads\/2025\/07\/sportractive-150x150.jpg 150w, https:\/\/schubladenerinnerungen.de\/blog\/wp-content\/uploads\/2025\/07\/sportractive-768x768.jpg 768w, https:\/\/schubladenerinnerungen.de\/blog\/wp-content\/uploads\/2025\/07\/sportractive-60x60.jpg 60w, https:\/\/schubladenerinnerungen.de\/blog\/wp-content\/uploads\/2025\/07\/sportractive-400x400.jpg 400w, https:\/\/schubladenerinnerungen.de\/blog\/wp-content\/uploads\/2025\/07\/sportractive-200x200.jpg 200w\" sizes=\"auto, (max-width: 1080px) 100vw, 1080px\" \/><\/a><\/figure>\n\n\n\n<div style=\"height:10px\" aria-hidden=\"true\" class=\"wp-block-spacer\"><\/div>\n\n\n\n<p class=\"wp-block-paragraph\">Die letzte Fahrt im Monat dann doch noch ein neuer Rekord.<\/p>\n\n\n\n<div style=\"height:75px\" aria-hidden=\"true\" class=\"wp-block-spacer\"><\/div>\n\n\n\n<hr class=\"wp-block-separator has-alpha-channel-opacity is-style-dots\"\/>\n\n\n\n<div style=\"height:75px\" aria-hidden=\"true\" id=\"dadanaut\" class=\"wp-block-spacer\"><\/div>\n\n\n\n<p class=\"wp-block-paragraph\">Zum Schluss noch etwas Musik vom <strong><a href=\"https:\/\/dadanaut.de\/musikregal\/\" target=\"_blank\" data-type=\"link\" data-id=\"https:\/\/dadanaut.de\/musikregal\/\" rel=\"noreferrer noopener\">Dadanaut<\/a><\/strong>:<\/p>\n\n\n\n<div style=\"height:15px\" aria-hidden=\"true\" class=\"wp-block-spacer\"><\/div>\n\n\n\n<figure class=\"wp-block-embed is-type-video is-provider-youtube wp-block-embed-youtube\"><div class=\"wp-block-embed__wrapper\">\n<div hcb-fetch-image-from=\"https:\/\/www.youtube.com\/watch?v=SQjl5WfuQys\" class=\"container-lazyload preview-lazyload container-youtube js-lazyload--not-loaded\"><a href=\"https:\/\/www.youtube.com\/watch?v=SQjl5WfuQys\" class=\"lazy-load-youtube preview-lazyload preview-youtube\" data-video-title=\"Parasomnie\" title=\"Play video &quot;Parasomnie&quot;\" target=\"_blank\" rel=\"noopener\">https:\/\/www.youtube.com\/watch?v=SQjl5WfuQys<\/a><noscript>Video can&#8217;t be loaded because JavaScript is disabled: <a href=\"https:\/\/www.youtube.com\/watch?v=SQjl5WfuQys\" title=\"Parasomnie\" target=\"_blank\" rel=\"noopener\">Parasomnie (https:\/\/www.youtube.com\/watch?v=SQjl5WfuQys)<\/a><\/noscript><\/div>\n<\/div><\/figure>\n\n\n\n<div style=\"height:15px\" aria-hidden=\"true\" class=\"wp-block-spacer\"><\/div>\n\n\n\n<figure class=\"wp-block-embed is-type-video is-provider-youtube wp-block-embed-youtube\"><div class=\"wp-block-embed__wrapper\">\n<div hcb-fetch-image-from=\"https:\/\/www.youtube.com\/watch?v=jfYkIrqkbuQ\" class=\"container-lazyload preview-lazyload container-youtube js-lazyload--not-loaded\"><a href=\"https:\/\/www.youtube.com\/watch?v=jfYkIrqkbuQ\" class=\"lazy-load-youtube preview-lazyload preview-youtube\" data-video-title=\"Krampus\" title=\"Play video &quot;Krampus&quot;\" target=\"_blank\" rel=\"noopener\">https:\/\/www.youtube.com\/watch?v=jfYkIrqkbuQ<\/a><noscript>Video can&#8217;t be loaded because JavaScript is disabled: <a href=\"https:\/\/www.youtube.com\/watch?v=jfYkIrqkbuQ\" title=\"Krampus\" target=\"_blank\" rel=\"noopener\">Krampus (https:\/\/www.youtube.com\/watch?v=jfYkIrqkbuQ)<\/a><\/noscript><\/div>\n<\/div><\/figure>\n\n\n\n<div style=\"height:15px\" aria-hidden=\"true\" class=\"wp-block-spacer\"><\/div>\n\n\n\n<figure class=\"wp-block-embed is-type-video is-provider-youtube wp-block-embed-youtube\"><div class=\"wp-block-embed__wrapper\">\n<div hcb-fetch-image-from=\"https:\/\/www.youtube.com\/watch?v=ZMDjiW4iJ0g\" class=\"container-lazyload preview-lazyload container-youtube js-lazyload--not-loaded\"><a href=\"https:\/\/www.youtube.com\/watch?v=ZMDjiW4iJ0g\" class=\"lazy-load-youtube preview-lazyload preview-youtube\" data-video-title=\"Rambazamba\" title=\"Play video &quot;Rambazamba&quot;\" target=\"_blank\" rel=\"noopener\">https:\/\/www.youtube.com\/watch?v=ZMDjiW4iJ0g<\/a><noscript>Video can&#8217;t be loaded because JavaScript is disabled: <a href=\"https:\/\/www.youtube.com\/watch?v=ZMDjiW4iJ0g\" title=\"Rambazamba\" target=\"_blank\" rel=\"noopener\">Rambazamba (https:\/\/www.youtube.com\/watch?v=ZMDjiW4iJ0g)<\/a><\/noscript><\/div>\n<\/div><\/figure>\n\n\n\n<div style=\"height:15px\" aria-hidden=\"true\" class=\"wp-block-spacer\"><\/div>\n\n\n\n<iframe style=\"border: 0; width: 700px; height: 1000px;\" src=\"https:\/\/bandcamp.com\/EmbeddedPlayer\/album=2979550716\/size=large\/bgcol=ffffff\/linkcol=0687f5\/transparent=true\/\" seamless><a href=\"https:\/\/dadanaut.bandcamp.com\/album\/reaktokratie\" target=\"_blank\" rel=\"noopener\">Reaktokratie by Dadanaut<\/a><\/iframe>\n\n\n\n<div style=\"height:15px\" aria-hidden=\"true\" class=\"wp-block-spacer\"><\/div>\n\n\n\n<figure class=\"wp-block-embed is-type-video is-provider-youtube wp-block-embed-youtube\"><div class=\"wp-block-embed__wrapper\">\n<div hcb-fetch-image-from=\"https:\/\/www.youtube.com\/watch?v=B4Qjd6xbfPs\" class=\"container-lazyload preview-lazyload container-youtube js-lazyload--not-loaded\"><a href=\"https:\/\/www.youtube.com\/watch?v=B4Qjd6xbfPs\" class=\"lazy-load-youtube preview-lazyload preview-youtube\" data-video-title=\"Maschinensaal\" title=\"Play video &quot;Maschinensaal&quot;\" target=\"_blank\" rel=\"noopener\">https:\/\/www.youtube.com\/watch?v=B4Qjd6xbfPs<\/a><noscript>Video can&#8217;t be loaded because JavaScript is disabled: <a href=\"https:\/\/www.youtube.com\/watch?v=B4Qjd6xbfPs\" title=\"Maschinensaal\" target=\"_blank\" rel=\"noopener\">Maschinensaal (https:\/\/www.youtube.com\/watch?v=B4Qjd6xbfPs)<\/a><\/noscript><\/div>\n<\/div><\/figure>\n\n\n\n<div style=\"height:75px\" aria-hidden=\"true\" class=\"wp-block-spacer\"><\/div>\n","protected":false},"excerpt":{"rendered":"<p>Wieder ist ein Monat wie im Flug vergangen \u2013 voller Pedaltritte, Begegnungen und Beobachtungen. Anfangs sehr nass und etwas k\u00fchl, dann aber extrem hei\u00df und trocken. Der Juni brachte mich von der Ehmetsklinge zum Breitenauer See, lie\u00df mich \u00fcber die Zukunft der Lauffener Weinberge nachdenken und bescherte mir eine unvergessliche Reifenpanne-Odyssee. Zwischen fr\u00fchmorgendlichen Ausblicken und [&hellip;]<\/p>\n","protected":false},"author":1,"featured_media":20126,"comment_status":"open","ping_status":"open","sticky":false,"template":"","format":"standard","meta":{"_crdt_document":"","ngg_post_thumbnail":0,"pgc_sgb_lightbox_settings":"","activitypub_content_warning":"","activitypub_content_visibility":"","activitypub_max_image_attachments":3,"activitypub_interaction_policy_quote":"anyone","activitypub_status":"federated","footnotes":"","_share_on_mastodon":"1"},"categories":[3],"tags":[4379,20,3544,222,54,4378,1508,1020,3790,3543,1041,4380,2236,2235],"class_list":["post-19946","post","type-post","status-publish","format-standard","has-post-thumbnail","hentry","category-bilder","tag-breitenauer-see","tag-fahrrad","tag-heiss-2","tag-matsch","tag-radeln","tag-regnerisch","tag-schlamm","tag-sommer","tag-steillagen","tag-trocken","tag-wein","tag-weinbau","tag-zabergaeu","tag-zabergoi"],"share_on_mastodon":{"url":"https:\/\/mastodon.social\/@Dadanaut\/114776759239653017","error":""},"featured_image_src":"https:\/\/schubladenerinnerungen.de\/blog\/wp-content\/uploads\/2025\/06\/IMG_20250624_174524-1-scaled.jpg","author_info":{"display_name":"Dinkster","author_link":"https:\/\/schubladenerinnerungen.de\/blog\/author\/dinkster\/"},"_links":{"self":[{"href":"https:\/\/schubladenerinnerungen.de\/blog\/wp-json\/wp\/v2\/posts\/19946","targetHints":{"allow":["GET"]}}],"collection":[{"href":"https:\/\/schubladenerinnerungen.de\/blog\/wp-json\/wp\/v2\/posts"}],"about":[{"href":"https:\/\/schubladenerinnerungen.de\/blog\/wp-json\/wp\/v2\/types\/post"}],"author":[{"embeddable":true,"href":"https:\/\/schubladenerinnerungen.de\/blog\/wp-json\/wp\/v2\/users\/1"}],"replies":[{"embeddable":true,"href":"https:\/\/schubladenerinnerungen.de\/blog\/wp-json\/wp\/v2\/comments?post=19946"}],"version-history":[{"count":96,"href":"https:\/\/schubladenerinnerungen.de\/blog\/wp-json\/wp\/v2\/posts\/19946\/revisions"}],"predecessor-version":[{"id":20228,"href":"https:\/\/schubladenerinnerungen.de\/blog\/wp-json\/wp\/v2\/posts\/19946\/revisions\/20228"}],"wp:featuredmedia":[{"embeddable":true,"href":"https:\/\/schubladenerinnerungen.de\/blog\/wp-json\/wp\/v2\/media\/20126"}],"wp:attachment":[{"href":"https:\/\/schubladenerinnerungen.de\/blog\/wp-json\/wp\/v2\/media?parent=19946"}],"wp:term":[{"taxonomy":"category","embeddable":true,"href":"https:\/\/schubladenerinnerungen.de\/blog\/wp-json\/wp\/v2\/categories?post=19946"},{"taxonomy":"post_tag","embeddable":true,"href":"https:\/\/schubladenerinnerungen.de\/blog\/wp-json\/wp\/v2\/tags?post=19946"}],"curies":[{"name":"wp","href":"https:\/\/api.w.org\/{rel}","templated":true}]}}