{"id":26385,"date":"2026-09-01T05:30:00","date_gmt":"2026-09-01T03:30:00","guid":{"rendered":"https:\/\/schubladenerinnerungen.de\/blog\/?p=26385"},"modified":"2026-09-01T05:55:35","modified_gmt":"2026-09-01T03:55:35","slug":"mikroklima","status":"publish","type":"post","link":"https:\/\/schubladenerinnerungen.de\/blog\/2026\/09\/01\/mikroklima\/","title":{"rendered":"Mikroklima?"},"content":{"rendered":"\n<p class=\"wp-block-paragraph\">Wir reden oft \u00fcber das gro\u00dfe Ganze beim Wetter, aber das Mikroklima entscheidet direkt vor unserer Haust\u00fcr \u00fcber Wohlbefinden und Lebensqualit\u00e4t. Ob schattenspendende B\u00e4ume, ein bepflanzter Balkon oder feuchter Boden nach dem Regen: Es sind genau diese kleinen, lokalen Oasen, die Hitzeinseln brechen, Feuchtigkeit speichern und daf\u00fcr sorgen, dass wir im Sommer \u00fcberhaupt noch durchatmen k\u00f6nnen.<\/p>\n\n\n\n<ul class=\"wp-block-list\">\n<li><a href=\"https:\/\/schubladenerinnerungen.de\/blog\/2026\/09\/01\/mikroklima\/#schnecken\" data-type=\"internal\" data-id=\"#schnecken\">Flucht<\/a><\/li>\n\n\n\n<li><a href=\"https:\/\/schubladenerinnerungen.de\/blog\/2026\/09\/01\/mikroklima\/#mikroklima\" data-type=\"internal\" data-id=\"#mikroklima\">Aufgegebene Weinberge \/ Mikroklima<\/a><\/li>\n\n\n\n<li><a href=\"https:\/\/schubladenerinnerungen.de\/blog\/2026\/09\/01\/mikroklima\/#sparkassenquartier\">Das neue Sparkassen Quartier<\/a><\/li>\n\n\n\n<li><a href=\"https:\/\/schubladenerinnerungen.de\/blog\/2026\/09\/01\/mikroklima\/#supermarkt\">Supermarkt-Parkpl\u00e4tze der Zukunft \/ Mikroklima<\/a><\/li>\n\n\n\n<li><a href=\"https:\/\/schubladenerinnerungen.de\/blog\/2026\/09\/01\/mikroklima\/#mikropuschels\">Mikropuschel<\/a><\/li>\n\n\n\n<li><a href=\"https:\/\/schubladenerinnerungen.de\/blog\/2026\/09\/01\/mikroklima\/#mikroklima-radius\">Der Radius<\/a><\/li>\n<\/ul>\n\n\n\n<p class=\"wp-block-paragraph\">Und jetzt viel Spa\u00df! Der R\u00fcckblick ist mal wieder etwas umfangreicher geworden.<\/p>\n\n\n\n<div style=\"height:25px\" aria-hidden=\"true\" class=\"wp-block-spacer\"><\/div>\n\n\n\n<figure class=\"wp-block-image size-full\"><a href=\"https:\/\/schubladenerinnerungen.de\/blog\/wp-content\/uploads\/2026\/08\/2026-08-01__15-19-07.jpeg\"><img loading=\"lazy\" decoding=\"async\" width=\"2048\" height=\"1228\" src=\"https:\/\/schubladenerinnerungen.de\/blog\/wp-content\/uploads\/2026\/08\/2026-08-01__15-19-07.jpeg\" alt=\"Die Traube in Obergriesheim\" class=\"wp-image-26387\" srcset=\"https:\/\/schubladenerinnerungen.de\/blog\/wp-content\/uploads\/2026\/08\/2026-08-01__15-19-07.jpeg 2048w, https:\/\/schubladenerinnerungen.de\/blog\/wp-content\/uploads\/2026\/08\/2026-08-01__15-19-07-300x180.jpeg 300w, https:\/\/schubladenerinnerungen.de\/blog\/wp-content\/uploads\/2026\/08\/2026-08-01__15-19-07-767x460.jpeg 767w, https:\/\/schubladenerinnerungen.de\/blog\/wp-content\/uploads\/2026\/08\/2026-08-01__15-19-07-1536x921.jpeg 1536w\" sizes=\"auto, (max-width: 2048px) 100vw, 2048px\" \/><\/a><\/figure>\n\n\n\n<div style=\"height:10px\" aria-hidden=\"true\" class=\"wp-block-spacer\"><\/div>\n\n\n\n<figure class=\"wp-block-image size-full\"><a href=\"https:\/\/schubladenerinnerungen.de\/blog\/wp-content\/uploads\/2026\/08\/2026-08-01__15-19-47.jpeg\"><img loading=\"lazy\" decoding=\"async\" width=\"2047\" height=\"2048\" src=\"https:\/\/schubladenerinnerungen.de\/blog\/wp-content\/uploads\/2026\/08\/2026-08-01__15-19-47.jpeg\" alt=\"Der Saalbau in Obergriesheim\" class=\"wp-image-26388\" srcset=\"https:\/\/schubladenerinnerungen.de\/blog\/wp-content\/uploads\/2026\/08\/2026-08-01__15-19-47.jpeg 2047w, https:\/\/schubladenerinnerungen.de\/blog\/wp-content\/uploads\/2026\/08\/2026-08-01__15-19-47-150x150.jpeg 150w, https:\/\/schubladenerinnerungen.de\/blog\/wp-content\/uploads\/2026\/08\/2026-08-01__15-19-47-300x300.jpeg 300w, https:\/\/schubladenerinnerungen.de\/blog\/wp-content\/uploads\/2026\/08\/2026-08-01__15-19-47-768x768.jpeg 768w, https:\/\/schubladenerinnerungen.de\/blog\/wp-content\/uploads\/2026\/08\/2026-08-01__15-19-47-1599x1600.jpeg 1599w, https:\/\/schubladenerinnerungen.de\/blog\/wp-content\/uploads\/2026\/08\/2026-08-01__15-19-47-1535x1536.jpeg 1535w, https:\/\/schubladenerinnerungen.de\/blog\/wp-content\/uploads\/2026\/08\/2026-08-01__15-19-47-60x60.jpeg 60w, https:\/\/schubladenerinnerungen.de\/blog\/wp-content\/uploads\/2026\/08\/2026-08-01__15-19-47-200x200.jpeg 200w\" sizes=\"auto, (max-width: 2047px) 100vw, 2047px\" \/><\/a><\/figure>\n\n\n\n<div style=\"height:10px\" aria-hidden=\"true\" class=\"wp-block-spacer\"><\/div>\n\n\n\n<figure class=\"wp-block-image size-full\"><a href=\"https:\/\/schubladenerinnerungen.de\/blog\/wp-content\/uploads\/2026\/08\/2026-08-01__15-27-53.jpeg\"><img loading=\"lazy\" decoding=\"async\" width=\"2048\" height=\"1215\" src=\"https:\/\/schubladenerinnerungen.de\/blog\/wp-content\/uploads\/2026\/08\/2026-08-01__15-27-53.jpeg\" alt=\"Das Jagsttal von Duttenberg aus Richtung Heuchlingen gesehen\" class=\"wp-image-26389\" srcset=\"https:\/\/schubladenerinnerungen.de\/blog\/wp-content\/uploads\/2026\/08\/2026-08-01__15-27-53.jpeg 2048w, https:\/\/schubladenerinnerungen.de\/blog\/wp-content\/uploads\/2026\/08\/2026-08-01__15-27-53-300x178.jpeg 300w, https:\/\/schubladenerinnerungen.de\/blog\/wp-content\/uploads\/2026\/08\/2026-08-01__15-27-53-767x455.jpeg 767w, https:\/\/schubladenerinnerungen.de\/blog\/wp-content\/uploads\/2026\/08\/2026-08-01__15-27-53-1536x911.jpeg 1536w\" sizes=\"auto, (max-width: 2048px) 100vw, 2048px\" \/><\/a><\/figure>\n\n\n\n<div style=\"height:10px\" aria-hidden=\"true\" class=\"wp-block-spacer\"><\/div>\n\n\n\n<figure class=\"wp-block-image size-full\"><a href=\"https:\/\/schubladenerinnerungen.de\/blog\/wp-content\/uploads\/2026\/08\/2026-08-01__15-30-36.jpeg\"><img loading=\"lazy\" decoding=\"async\" width=\"2048\" height=\"1229\" src=\"https:\/\/schubladenerinnerungen.de\/blog\/wp-content\/uploads\/2026\/08\/2026-08-01__15-30-36.jpeg\" alt=\"Das Zentrum von Duttenberg \u2013 links der Adler\" class=\"wp-image-26390\" srcset=\"https:\/\/schubladenerinnerungen.de\/blog\/wp-content\/uploads\/2026\/08\/2026-08-01__15-30-36.jpeg 2048w, https:\/\/schubladenerinnerungen.de\/blog\/wp-content\/uploads\/2026\/08\/2026-08-01__15-30-36-300x180.jpeg 300w, https:\/\/schubladenerinnerungen.de\/blog\/wp-content\/uploads\/2026\/08\/2026-08-01__15-30-36-767x460.jpeg 767w, https:\/\/schubladenerinnerungen.de\/blog\/wp-content\/uploads\/2026\/08\/2026-08-01__15-30-36-1536x922.jpeg 1536w\" sizes=\"auto, (max-width: 2048px) 100vw, 2048px\" \/><\/a><\/figure>\n\n\n\n<div style=\"height:10px\" aria-hidden=\"true\" class=\"wp-block-spacer\"><\/div>\n\n\n\n<figure class=\"wp-block-image size-full\"><a href=\"https:\/\/schubladenerinnerungen.de\/blog\/wp-content\/uploads\/2026\/08\/2026-08-01__15-39-14.jpeg\"><img loading=\"lazy\" decoding=\"async\" width=\"2048\" height=\"1219\" src=\"https:\/\/schubladenerinnerungen.de\/blog\/wp-content\/uploads\/2026\/08\/2026-08-01__15-39-14.jpeg\" alt=\"Am Wehr bei Duttenberg\" class=\"wp-image-26391\" srcset=\"https:\/\/schubladenerinnerungen.de\/blog\/wp-content\/uploads\/2026\/08\/2026-08-01__15-39-14.jpeg 2048w, https:\/\/schubladenerinnerungen.de\/blog\/wp-content\/uploads\/2026\/08\/2026-08-01__15-39-14-300x178.jpeg 300w, https:\/\/schubladenerinnerungen.de\/blog\/wp-content\/uploads\/2026\/08\/2026-08-01__15-39-14-768x457.jpeg 768w, https:\/\/schubladenerinnerungen.de\/blog\/wp-content\/uploads\/2026\/08\/2026-08-01__15-39-14-1536x914.jpeg 1536w\" sizes=\"auto, (max-width: 2048px) 100vw, 2048px\" \/><\/a><\/figure>\n\n\n\n<div style=\"height:10px\" aria-hidden=\"true\" class=\"wp-block-spacer\"><\/div>\n\n\n\n<figure class=\"wp-block-image size-full\"><a href=\"https:\/\/schubladenerinnerungen.de\/blog\/wp-content\/uploads\/2026\/08\/2026-08-01__15-44-52.jpeg\"><img loading=\"lazy\" decoding=\"async\" width=\"2048\" height=\"1231\" src=\"https:\/\/schubladenerinnerungen.de\/blog\/wp-content\/uploads\/2026\/08\/2026-08-01__15-44-52.jpeg\" alt=\"Wasserkraftwerk an der Jagst bei Duttenberg, dahinter das Wehr\" class=\"wp-image-26392\" srcset=\"https:\/\/schubladenerinnerungen.de\/blog\/wp-content\/uploads\/2026\/08\/2026-08-01__15-44-52.jpeg 2048w, https:\/\/schubladenerinnerungen.de\/blog\/wp-content\/uploads\/2026\/08\/2026-08-01__15-44-52-300x180.jpeg 300w, https:\/\/schubladenerinnerungen.de\/blog\/wp-content\/uploads\/2026\/08\/2026-08-01__15-44-52-767x461.jpeg 767w, https:\/\/schubladenerinnerungen.de\/blog\/wp-content\/uploads\/2026\/08\/2026-08-01__15-44-52-1536x923.jpeg 1536w\" sizes=\"auto, (max-width: 2048px) 100vw, 2048px\" \/><\/a><\/figure>\n\n\n\n<div style=\"height:10px\" aria-hidden=\"true\" class=\"wp-block-spacer\"><\/div>\n\n\n\n<p class=\"wp-block-paragraph\">Ausflug an die Jagst: <strong>Obergriesheim<\/strong> und <strong>Duttenberg<\/strong>.<\/p>\n\n\n\n<!--more-->\n\n\n\n<div style=\"height:50px\" aria-hidden=\"true\" class=\"wp-block-spacer\"><\/div>\n\n\n\n<figure class=\"wp-block-image size-full\"><a href=\"https:\/\/schubladenerinnerungen.de\/blog\/wp-content\/uploads\/2026\/08\/2026-08-02__12-07-18.jpeg\"><img loading=\"lazy\" decoding=\"async\" width=\"2048\" height=\"1251\" src=\"https:\/\/schubladenerinnerungen.de\/blog\/wp-content\/uploads\/2026\/08\/2026-08-02__12-07-18.jpeg\" alt=\"Pferde auf einer Weide und im Hintergrund sieht man Hohenhaslach\" class=\"wp-image-26393\" srcset=\"https:\/\/schubladenerinnerungen.de\/blog\/wp-content\/uploads\/2026\/08\/2026-08-02__12-07-18.jpeg 2048w, https:\/\/schubladenerinnerungen.de\/blog\/wp-content\/uploads\/2026\/08\/2026-08-02__12-07-18-300x183.jpeg 300w, https:\/\/schubladenerinnerungen.de\/blog\/wp-content\/uploads\/2026\/08\/2026-08-02__12-07-18-768x469.jpeg 768w, https:\/\/schubladenerinnerungen.de\/blog\/wp-content\/uploads\/2026\/08\/2026-08-02__12-07-18-1536x938.jpeg 1536w\" sizes=\"auto, (max-width: 2048px) 100vw, 2048px\" \/><\/a><\/figure>\n\n\n\n<div style=\"height:10px\" aria-hidden=\"true\" class=\"wp-block-spacer\"><\/div>\n\n\n\n<p class=\"wp-block-paragraph\">Mit Hendrik im&nbsp;Naturpark <strong>Stromberg-Heuchelberg<\/strong>. Hinter den Pferden ist in der Bildmitte&nbsp;<strong>Hohenhaslach<\/strong>&nbsp;als kleiner wei\u00dfer Streifen zu erkennen. Ein paar B\u00e4ume zum Unterstellen w\u00e4ren nett \u2013 oder einfach f\u00fcr das Mikroklima.<\/p>\n\n\n\n<div style=\"height:50px\" aria-hidden=\"true\" class=\"wp-block-spacer\"><\/div>\n\n\n\n<figure class=\"wp-block-image size-full\"><a href=\"https:\/\/schubladenerinnerungen.de\/blog\/wp-content\/uploads\/2026\/08\/2026-08-03__17-43-02_01.jpeg\"><img loading=\"lazy\" decoding=\"async\" width=\"2048\" height=\"1283\" src=\"https:\/\/schubladenerinnerungen.de\/blog\/wp-content\/uploads\/2026\/08\/2026-08-03__17-43-02_01.jpeg\" alt=\"Das Bild zeigt eine dramatische Wolkenformation mit Sonnenstrahlen \u00fcber dem Neckartal bei Lauffen am Neckar in Baden-W\u00fcrttemberg, im Vordergrund ist der Fluss zu sehen.\" class=\"wp-image-26394\" srcset=\"https:\/\/schubladenerinnerungen.de\/blog\/wp-content\/uploads\/2026\/08\/2026-08-03__17-43-02_01.jpeg 2048w, https:\/\/schubladenerinnerungen.de\/blog\/wp-content\/uploads\/2026\/08\/2026-08-03__17-43-02_01-300x188.jpeg 300w, https:\/\/schubladenerinnerungen.de\/blog\/wp-content\/uploads\/2026\/08\/2026-08-03__17-43-02_01-768x481.jpeg 768w, https:\/\/schubladenerinnerungen.de\/blog\/wp-content\/uploads\/2026\/08\/2026-08-03__17-43-02_01-1536x962.jpeg 1536w\" sizes=\"auto, (max-width: 2048px) 100vw, 2048px\" \/><\/a><\/figure>\n\n\n\n<div style=\"height:10px\" aria-hidden=\"true\" class=\"wp-block-spacer\"><\/div>\n\n\n\n<p class=\"wp-block-paragraph\">Theatralisches Neckartal.<\/p>\n\n\n\n<div style=\"height:50px\" aria-hidden=\"true\" class=\"wp-block-spacer\"><\/div>\n\n\n\n<figure class=\"wp-block-image size-full\"><a href=\"https:\/\/schubladenerinnerungen.de\/blog\/wp-content\/uploads\/2026\/08\/2026-08-07__16-06-35.jpeg\"><img loading=\"lazy\" decoding=\"async\" width=\"2048\" height=\"2048\" src=\"https:\/\/schubladenerinnerungen.de\/blog\/wp-content\/uploads\/2026\/08\/2026-08-07__16-06-35.jpeg\" alt=\"Bei Kaisersbach \u2013 Eine l\u00e4ndliche H\u00fcgellandschaft an einem sonnigen Tag mit klarem, blauem Himmel und vereinzelten Wolken. Im Hintergrund das Bottwartal.\" class=\"wp-image-26395\" srcset=\"https:\/\/schubladenerinnerungen.de\/blog\/wp-content\/uploads\/2026\/08\/2026-08-07__16-06-35.jpeg 2048w, https:\/\/schubladenerinnerungen.de\/blog\/wp-content\/uploads\/2026\/08\/2026-08-07__16-06-35-150x150.jpeg 150w, https:\/\/schubladenerinnerungen.de\/blog\/wp-content\/uploads\/2026\/08\/2026-08-07__16-06-35-300x300.jpeg 300w, https:\/\/schubladenerinnerungen.de\/blog\/wp-content\/uploads\/2026\/08\/2026-08-07__16-06-35-768x768.jpeg 768w, https:\/\/schubladenerinnerungen.de\/blog\/wp-content\/uploads\/2026\/08\/2026-08-07__16-06-35-1600x1600.jpeg 1600w, https:\/\/schubladenerinnerungen.de\/blog\/wp-content\/uploads\/2026\/08\/2026-08-07__16-06-35-1536x1536.jpeg 1536w, https:\/\/schubladenerinnerungen.de\/blog\/wp-content\/uploads\/2026\/08\/2026-08-07__16-06-35-60x60.jpeg 60w, https:\/\/schubladenerinnerungen.de\/blog\/wp-content\/uploads\/2026\/08\/2026-08-07__16-06-35-200x200.jpeg 200w\" sizes=\"auto, (max-width: 2048px) 100vw, 2048px\" \/><\/a><\/figure>\n\n\n\n<div style=\"height:10px\" aria-hidden=\"true\" class=\"wp-block-spacer\"><\/div>\n\n\n\n<p class=\"wp-block-paragraph\">Bei <strong>Kaisersbach<\/strong> der Blick in die Landschaft. So grob: Richtung <strong>Bottwartal<\/strong> (im Hintergrund).<\/p>\n\n\n\n<div style=\"height:50px\" aria-hidden=\"true\" class=\"wp-block-spacer\"><\/div>\n\n\n\n<figure class=\"wp-block-image size-full\"><a href=\"https:\/\/schubladenerinnerungen.de\/blog\/wp-content\/uploads\/2026\/08\/2026-08-08__12-59-42.jpeg\"><img loading=\"lazy\" decoding=\"async\" width=\"2048\" height=\"1279\" src=\"https:\/\/schubladenerinnerungen.de\/blog\/wp-content\/uploads\/2026\/08\/2026-08-08__12-59-42.jpeg\" alt=\"Blumen der Calla-Sorte (Gattung Zantedeschia), die zur Familie der Aronstabgew\u00e4chse geh\u00f6ren.\" class=\"wp-image-26396\" srcset=\"https:\/\/schubladenerinnerungen.de\/blog\/wp-content\/uploads\/2026\/08\/2026-08-08__12-59-42.jpeg 2048w, https:\/\/schubladenerinnerungen.de\/blog\/wp-content\/uploads\/2026\/08\/2026-08-08__12-59-42-300x187.jpeg 300w, https:\/\/schubladenerinnerungen.de\/blog\/wp-content\/uploads\/2026\/08\/2026-08-08__12-59-42-767x479.jpeg 767w, https:\/\/schubladenerinnerungen.de\/blog\/wp-content\/uploads\/2026\/08\/2026-08-08__12-59-42-1536x959.jpeg 1536w\" sizes=\"auto, (max-width: 2048px) 100vw, 2048px\" \/><\/a><\/figure>\n\n\n\n<div style=\"height:10px\" aria-hidden=\"true\" class=\"wp-block-spacer\"><\/div>\n\n\n\n<p class=\"wp-block-paragraph\">Farben in der Bude.<\/p>\n\n\n\n<div style=\"height:50px\" aria-hidden=\"true\" class=\"wp-block-spacer\"><\/div>\n\n\n\n<figure class=\"wp-block-image size-full\"><a href=\"https:\/\/schubladenerinnerungen.de\/blog\/wp-content\/uploads\/2026\/08\/2026-08-08__15-47-17.jpeg\"><img loading=\"lazy\" decoding=\"async\" width=\"2048\" height=\"1237\" src=\"https:\/\/schubladenerinnerungen.de\/blog\/wp-content\/uploads\/2026\/08\/2026-08-08__15-47-17.jpeg\" alt=\"Das Schloss Lautenbach ist eine zweigeschossige Anlage im Stil der Neorenaissance in Oedheim im Landkreis Heilbronn (Baden-W\u00fcrttemberg). Das historische Hofgut und Schloss geht im Kern auf das 17. oder 18. Jahrhundert zur\u00fcck und wurde im sp\u00e4ten 19. Jahrhundert unter August Freiherr von W\u00e4chter umgestaltet.\" class=\"wp-image-26397\" srcset=\"https:\/\/schubladenerinnerungen.de\/blog\/wp-content\/uploads\/2026\/08\/2026-08-08__15-47-17.jpeg 2048w, https:\/\/schubladenerinnerungen.de\/blog\/wp-content\/uploads\/2026\/08\/2026-08-08__15-47-17-300x181.jpeg 300w, https:\/\/schubladenerinnerungen.de\/blog\/wp-content\/uploads\/2026\/08\/2026-08-08__15-47-17-767x463.jpeg 767w, https:\/\/schubladenerinnerungen.de\/blog\/wp-content\/uploads\/2026\/08\/2026-08-08__15-47-17-1536x928.jpeg 1536w\" sizes=\"auto, (max-width: 2048px) 100vw, 2048px\" \/><\/a><\/figure>\n\n\n\n<div style=\"height:10px\" aria-hidden=\"true\" class=\"wp-block-spacer\"><\/div>\n\n\n\n<p class=\"wp-block-paragraph\">Das <strong>Schloss Lautenbach<\/strong> bei <strong>Oedheim<\/strong>.<\/p>\n\n\n\n<div style=\"height:50px\" aria-hidden=\"true\" class=\"wp-block-spacer\"><\/div>\n\n\n\n<figure class=\"wp-block-image size-full\"><a href=\"https:\/\/schubladenerinnerungen.de\/blog\/wp-content\/uploads\/2026\/08\/2026-08-08__18-39-27.jpeg\"><img loading=\"lazy\" decoding=\"async\" width=\"2048\" height=\"1203\" src=\"https:\/\/schubladenerinnerungen.de\/blog\/wp-content\/uploads\/2026\/08\/2026-08-08__18-39-27.jpeg\" alt=\"Der DJ von re:tool! im Craftelicious in Heilbronn. Zur 7. Geburtstagsfeier des Craftelicious 2026.\" class=\"wp-image-26398\" srcset=\"https:\/\/schubladenerinnerungen.de\/blog\/wp-content\/uploads\/2026\/08\/2026-08-08__18-39-27.jpeg 2048w, https:\/\/schubladenerinnerungen.de\/blog\/wp-content\/uploads\/2026\/08\/2026-08-08__18-39-27-300x176.jpeg 300w, https:\/\/schubladenerinnerungen.de\/blog\/wp-content\/uploads\/2026\/08\/2026-08-08__18-39-27-768x451.jpeg 768w, https:\/\/schubladenerinnerungen.de\/blog\/wp-content\/uploads\/2026\/08\/2026-08-08__18-39-27-1536x902.jpeg 1536w\" sizes=\"auto, (max-width: 2048px) 100vw, 2048px\" \/><\/a><\/figure>\n\n\n\n<div style=\"height:10px\" aria-hidden=\"true\" class=\"wp-block-spacer\"><\/div>\n\n\n\n<p class=\"wp-block-paragraph\">Das <strong><a href=\"https:\/\/www.instagram.com\/craftelicious_heilbronn\/\" data-type=\"link\" data-id=\"https:\/\/www.instagram.com\/craftelicious_heilbronn\/\" target=\"_blank\" rel=\"noreferrer noopener\">Craftelicious<\/a><\/strong> in <strong>Heilbronn<\/strong> wurde 7. Das hat <strong><s>Strack<\/s><\/strong>, <strong><s>Marcoohnehut<\/s><\/strong>, <strong>Marco<\/strong> von <strong>re:tool!<\/strong> musikalisch untermalt. Hier noch beim Testen der Technik.<\/p>\n\n\n\n<div style=\"height:50px\" aria-hidden=\"true\" id=\"schnecken\" class=\"wp-block-spacer\"><\/div>\n\n\n\n<figure class=\"wp-block-image size-full\"><a href=\"https:\/\/schubladenerinnerungen.de\/blog\/wp-content\/uploads\/2026\/08\/2026-08-09__13-34-38.jpeg\"><img loading=\"lazy\" decoding=\"async\" width=\"2048\" height=\"2048\" src=\"https:\/\/schubladenerinnerungen.de\/blog\/wp-content\/uploads\/2026\/08\/2026-08-09__13-34-38.jpeg\" alt=\"Leere Schneckenh\u00e4user am Rand eines Weinberges.\" class=\"wp-image-26399\" srcset=\"https:\/\/schubladenerinnerungen.de\/blog\/wp-content\/uploads\/2026\/08\/2026-08-09__13-34-38.jpeg 2048w, https:\/\/schubladenerinnerungen.de\/blog\/wp-content\/uploads\/2026\/08\/2026-08-09__13-34-38-150x150.jpeg 150w, https:\/\/schubladenerinnerungen.de\/blog\/wp-content\/uploads\/2026\/08\/2026-08-09__13-34-38-300x300.jpeg 300w, https:\/\/schubladenerinnerungen.de\/blog\/wp-content\/uploads\/2026\/08\/2026-08-09__13-34-38-768x768.jpeg 768w, https:\/\/schubladenerinnerungen.de\/blog\/wp-content\/uploads\/2026\/08\/2026-08-09__13-34-38-1600x1600.jpeg 1600w, https:\/\/schubladenerinnerungen.de\/blog\/wp-content\/uploads\/2026\/08\/2026-08-09__13-34-38-1536x1536.jpeg 1536w, https:\/\/schubladenerinnerungen.de\/blog\/wp-content\/uploads\/2026\/08\/2026-08-09__13-34-38-60x60.jpeg 60w, https:\/\/schubladenerinnerungen.de\/blog\/wp-content\/uploads\/2026\/08\/2026-08-09__13-34-38-200x200.jpeg 200w\" sizes=\"auto, (max-width: 2048px) 100vw, 2048px\" \/><\/a><\/figure>\n\n\n\n<div style=\"height:10px\" aria-hidden=\"true\" class=\"wp-block-spacer\"><\/div>\n\n\n\n<p class=\"wp-block-paragraph\">Die Weinbergschnecken wussten im Voraus \u00fcber die bevorstehende Zerst\u00f6rung der Erde durch die <a href=\"https:\/\/de.wikipedia.org\/wiki\/Per_Anhalter_durch_die_Galaxis\" target=\"_blank\" data-type=\"link\" data-id=\"https:\/\/de.wikipedia.org\/wiki\/Per_Anhalter_durch_die_Galaxis\" rel=\"noreferrer noopener\">Vogonen-Bauflotte<\/a> Bescheid. Nachdem ihre Versuche, die Menschheit zu warnen, wegen ihrer Artikulationsschw\u00e4che missverstanden wurden, verlie\u00dfen sie den Planeten kurz vor der Explosion mit der ber\u00fchmten letzten Botschaft: <strong><em>\u201eMacht\u2019s gut, und danke f\u00fcr das Gr\u00fcnzeugs!\u201c<\/em><\/strong><\/p>\n\n\n\n<p class=\"wp-block-paragraph\"><em>(Anmerkung: Ihre letzten Warnungen wurden f\u00e4lschlicherweise als Schleimspuren und Fra\u00dfsch\u00e4den an Salatk\u00f6pfen interpretiert, was die Vogonen-Problematik nicht gerade entsch\u00e4rfte.)<\/em><\/p>\n\n\n\n<div style=\"height:50px\" aria-hidden=\"true\" id=\"mikroklima\" class=\"wp-block-spacer\"><\/div>\n\n\n\n<figure class=\"wp-block-image size-full\"><a href=\"https:\/\/schubladenerinnerungen.de\/blog\/wp-content\/uploads\/2026\/08\/2026-08-09__13-35-46.jpeg\"><img loading=\"lazy\" decoding=\"async\" width=\"1539\" height=\"2048\" src=\"https:\/\/schubladenerinnerungen.de\/blog\/wp-content\/uploads\/2026\/08\/2026-08-09__13-35-46.jpeg\" alt=\"Aufgegebener Weinberg in Lauffen am Neckar. Mit den typischen Steinermauern, die das Landschaftsbild eindrucksvoll pr\u00e4gen.\" class=\"wp-image-26400\" srcset=\"https:\/\/schubladenerinnerungen.de\/blog\/wp-content\/uploads\/2026\/08\/2026-08-09__13-35-46.jpeg 1539w, https:\/\/schubladenerinnerungen.de\/blog\/wp-content\/uploads\/2026\/08\/2026-08-09__13-35-46-225x300.jpeg 225w, https:\/\/schubladenerinnerungen.de\/blog\/wp-content\/uploads\/2026\/08\/2026-08-09__13-35-46-768x1022.jpeg 768w, https:\/\/schubladenerinnerungen.de\/blog\/wp-content\/uploads\/2026\/08\/2026-08-09__13-35-46-1202x1600.jpeg 1202w, https:\/\/schubladenerinnerungen.de\/blog\/wp-content\/uploads\/2026\/08\/2026-08-09__13-35-46-1154x1536.jpeg 1154w\" sizes=\"auto, (max-width: 1539px) 100vw, 1539px\" \/><\/a><\/figure>\n\n\n\n<div style=\"height:10px\" aria-hidden=\"true\" class=\"wp-block-spacer\"><\/div>\n\n\n\n<p class=\"wp-block-paragraph\">Man kann einen <strong>aufgegebenen Wengert<\/strong> nicht einfach zuwalden lassen. Sobald man da gezielt B\u00e4ume setzt, gilt das als Erstaufforstung nach <strong><a href=\"https:\/\/www.landesrecht-bw.de\/bsbw\/document\/jlr-NNLBW00007EB0NN00000000066\" target=\"_blank\" data-type=\"link\" data-id=\"https:\/\/www.landesrecht-bw.de\/bsbw\/document\/jlr-NNLBW00007EB0NN00000000066\" rel=\"noreferrer noopener\">\u00a7 25 LWaldG<\/a><\/strong> und ist genehmigungspflichtig \u2013 was an H\u00e4ngen eigentlich immer abgelehnt wird. Nach <strong><a href=\"https:\/\/www.landesrecht-bw.de\/bsbw\/document\/jlr-NNLBW00007F5ANN00000000097\" target=\"_blank\" data-type=\"link\" data-id=\"https:\/\/www.landesrecht-bw.de\/bsbw\/document\/jlr-NNLBW00007F5ANN00000000097\" rel=\"noreferrer noopener\">\u00a7 26 LLG<\/a><\/strong> muss man die Wiese oder den Hang sogar sauber halten und pflegen, damit da nix verbuscht.<\/p>\n\n\n\n<p class=\"wp-block-paragraph\">Aber (es gibt immer ein Aber): was m\u00f6glich w\u00e4re.<\/p>\n\n\n\n<figure class=\"wp-block-table is-style-stripes\"><table  class=\"has-fixed-layout table table-hover\" ><thead><tr><td><strong>Ausgangslage \/ Gel\u00e4ndetyp<\/strong><\/td><td><strong>Beste Alternative<\/strong><\/td><td><strong>Mikroklima &amp; \u00d6kologie<\/strong><\/td><td><strong>Pflegeaufwand &amp; Machbarkeit<\/strong><\/td><\/tr><\/thead><tbody><tr><td><strong>Sanfte H\u00e4nge \/ Flachlagen<\/strong><br \/><em>(voll mechanisierbar)<\/em><\/td><td><strong>Streuobstwiese \/ Agroforst<\/strong><br \/>(Hochstamm-Obst, Walnuss, Mandeln)<\/td><td><strong>Sehr gut:<\/strong> Lockere Baumkronen k\u00fchlen ohne Kaltluftstau; tiefe Wurzeln sch\u00fctzen vor Erosion.<\/td><td><strong>M\u00e4\u00dfig:<\/strong> 1\u20132 Mal j\u00e4hrlich mulchen\/m\u00e4hen, gelegentlicher Baumschnitt.<\/td><\/tr><tr><td><strong>Flachlagen &amp; Plateaus<\/strong><br \/><em>(trocken, sonnig)<\/em><\/td><td><strong>Kr\u00e4uter- &amp; Sonderkulturen<\/strong><br \/>(z. B. Lavendel, Thymian, Safran, Aronia)<\/td><td><strong>Hoch:<\/strong> Bl\u00fctenreichtum f\u00fcr Best\u00e4uber; angepasste Pflanzen trotzen zunehmender Sommerhitze.<\/td><td><strong>Wirtschaftlich nutzbar:<\/strong> Erfordert Ernte- und Vermarktungskonzept.<\/td><\/tr><tr><td><strong>Kuppen &amp; Oberh\u00e4nge<\/strong><br \/><em>(starke Windexposition)<\/em><\/td><td><strong>Strukturreiche Feldhecken \/ Windschutzstreifen<\/strong><\/td><td><strong>Sehr gut:<\/strong> Bremsen austrocknende Winde, halten Feuchtigkeit im Boden; Vernetzungsachse f\u00fcr V\u00f6gel.<\/td><td><strong>Gering:<\/strong> Nach Anwachsphase nur abschnittsweises &#8222;Auf-den-Stock-Setzen&#8220; alle paar Jahre.<\/td><\/tr><tr><td><strong>Geringwertige B\u00f6den \/ Restfl\u00e4chen<\/strong><br \/><em>(flach bis m\u00e4\u00dfig steil)<\/em><\/td><td><strong>Mehrj\u00e4hrige artenreiche Bl\u00fchwiesen \/ Magerwiesen<\/strong><\/td><td><strong>Mittel bis hoch:<\/strong> Hohe Biodiversit\u00e4t, Humusaufbau, exzellenter Erosionsschutz.<\/td><td><strong>Sehr gering:<\/strong> 1\u20132 Pflegeschnitte im Sp\u00e4tsommer (erf\u00fcllt die Mindestflurpflege nach \u00a7 26 LLG).<\/td><\/tr><tr><td><strong>Echte Steillagen mit Mauern<\/strong><br \/><em>(z. B. Lauffen oder Mundelsheim)<\/em><\/td><td><strong>Extensive Ziegen-\/Schafbeweidung oder Sukzessionspflege<\/strong><\/td><td><strong>Optimal f\u00fcr Spezialisten:<\/strong> Mauereidechse, Wildbienen, Schlingnatter; Kaltluft flie\u00dft frei ab.<\/td><td><strong>Handarbeit\/Tiere:<\/strong> Mechanisch kaum machbar; Ziegen fressen Geh\u00f6lze ab und sichern die Mauern.<\/td><\/tr><\/tbody><\/table><\/figure>\n\n\n\n<div style=\"height:15px\" aria-hidden=\"true\" class=\"wp-block-spacer\"><\/div>\n\n\n\n<p class=\"wp-block-paragraph\">Das Schlauste w\u00e4re, die Ans\u00e4tze zu kombinieren, statt wieder nur ein Ding durchzuziehen. Ein paar Mandel-, Nuss- oder Obstb\u00e4ume locker auf der Fl\u00e4che verteilt, dazwischen wundersch\u00f6ne Bl\u00fchstreifen f\u00fcr Bienen, und oben am Wengert eine Hecke gegen den Wind.<\/p>\n\n\n\n<p class=\"wp-block-paragraph\">Wenn man die Hanglagen dabei sch\u00f6n offen h\u00e4lt \u2013 vielleicht mit ein paar Schafen \u2013, hat man ein top Mikroklima, keinen Kaltluftstau f\u00fcr die Nachbarn und spart sich am Ende sogar noch einen Haufen Pflegearbeit &#8230;<\/p>\n\n\n\n<p class=\"wp-block-paragraph\">\u2026 und man schafft nebenbei eine abwechslungsreiche, v\u00f6llig neue Kulturlandschaft, die nicht nur \u00f6kologisch Sinn ergibt, sondern auch f\u00fcrs Auge und f\u00fcrs Gem\u00fct eine echte Bereicherung ist.<\/p>\n\n\n\n<div style=\"height:50px\" aria-hidden=\"true\" class=\"wp-block-spacer\"><\/div>\n\n\n\n<figure class=\"wp-block-image size-full\"><a href=\"https:\/\/schubladenerinnerungen.de\/blog\/wp-content\/uploads\/2026\/08\/2026-08-12__07-45-32.jpeg\"><img loading=\"lazy\" decoding=\"async\" width=\"2048\" height=\"2048\" src=\"https:\/\/schubladenerinnerungen.de\/blog\/wp-content\/uploads\/2026\/08\/2026-08-12__07-45-32.jpeg\" alt=\"Sammelstelle f\u00fcr L\u00f6schwerkzeuge.\" class=\"wp-image-26401\" srcset=\"https:\/\/schubladenerinnerungen.de\/blog\/wp-content\/uploads\/2026\/08\/2026-08-12__07-45-32.jpeg 2048w, https:\/\/schubladenerinnerungen.de\/blog\/wp-content\/uploads\/2026\/08\/2026-08-12__07-45-32-150x150.jpeg 150w, https:\/\/schubladenerinnerungen.de\/blog\/wp-content\/uploads\/2026\/08\/2026-08-12__07-45-32-300x300.jpeg 300w, https:\/\/schubladenerinnerungen.de\/blog\/wp-content\/uploads\/2026\/08\/2026-08-12__07-45-32-768x768.jpeg 768w, https:\/\/schubladenerinnerungen.de\/blog\/wp-content\/uploads\/2026\/08\/2026-08-12__07-45-32-1600x1600.jpeg 1600w, https:\/\/schubladenerinnerungen.de\/blog\/wp-content\/uploads\/2026\/08\/2026-08-12__07-45-32-1536x1536.jpeg 1536w, https:\/\/schubladenerinnerungen.de\/blog\/wp-content\/uploads\/2026\/08\/2026-08-12__07-45-32-60x60.jpeg 60w, https:\/\/schubladenerinnerungen.de\/blog\/wp-content\/uploads\/2026\/08\/2026-08-12__07-45-32-200x200.jpeg 200w\" sizes=\"auto, (max-width: 2048px) 100vw, 2048px\" \/><\/a><\/figure>\n\n\n\n<div style=\"height:10px\" aria-hidden=\"true\" class=\"wp-block-spacer\"><\/div>\n\n\n\n<p class=\"wp-block-paragraph\">Irgendwo brennt ein Licht.<\/p>\n\n\n\n<div style=\"height:50px\" aria-hidden=\"true\" class=\"wp-block-spacer\"><\/div>\n\n\n\n<figure class=\"wp-block-image size-full\"><a href=\"https:\/\/schubladenerinnerungen.de\/blog\/wp-content\/uploads\/2026\/08\/2026-08-15__14-22-22.jpeg\"><img loading=\"lazy\" decoding=\"async\" width=\"2048\" height=\"2048\" src=\"https:\/\/schubladenerinnerungen.de\/blog\/wp-content\/uploads\/2026\/08\/2026-08-15__14-22-22.jpeg\" alt=\"Stra\u00dfenmusik am Deutschordensm\u00fcnster St. Peter und Paul (Heilbronn).\" class=\"wp-image-26485\" srcset=\"https:\/\/schubladenerinnerungen.de\/blog\/wp-content\/uploads\/2026\/08\/2026-08-15__14-22-22.jpeg 2048w, https:\/\/schubladenerinnerungen.de\/blog\/wp-content\/uploads\/2026\/08\/2026-08-15__14-22-22-150x150.jpeg 150w, https:\/\/schubladenerinnerungen.de\/blog\/wp-content\/uploads\/2026\/08\/2026-08-15__14-22-22-300x300.jpeg 300w, https:\/\/schubladenerinnerungen.de\/blog\/wp-content\/uploads\/2026\/08\/2026-08-15__14-22-22-768x768.jpeg 768w, https:\/\/schubladenerinnerungen.de\/blog\/wp-content\/uploads\/2026\/08\/2026-08-15__14-22-22-1600x1600.jpeg 1600w, https:\/\/schubladenerinnerungen.de\/blog\/wp-content\/uploads\/2026\/08\/2026-08-15__14-22-22-1536x1536.jpeg 1536w, https:\/\/schubladenerinnerungen.de\/blog\/wp-content\/uploads\/2026\/08\/2026-08-15__14-22-22-60x60.jpeg 60w, https:\/\/schubladenerinnerungen.de\/blog\/wp-content\/uploads\/2026\/08\/2026-08-15__14-22-22-200x200.jpeg 200w\" sizes=\"auto, (max-width: 2048px) 100vw, 2048px\" \/><\/a><\/figure>\n\n\n\n<div style=\"height:10px\" aria-hidden=\"true\" class=\"wp-block-spacer\"><\/div>\n\n\n\n<p class=\"wp-block-paragraph\">Im Moment: <strong>Stairway to Heaven<\/strong> von <strong>Led Zeppelin<\/strong> aufm Klavier.<\/p>\n\n\n\n<div style=\"height:50px\" aria-hidden=\"true\" id=\"sparkassenquartier\" class=\"wp-block-spacer\"><\/div>\n\n\n\n<figure class=\"wp-block-image size-full\"><a href=\"https:\/\/schubladenerinnerungen.de\/blog\/wp-content\/uploads\/2026\/08\/2026-08-15__14-30-12.jpeg\"><img loading=\"lazy\" decoding=\"async\" width=\"2048\" height=\"1250\" src=\"https:\/\/schubladenerinnerungen.de\/blog\/wp-content\/uploads\/2026\/08\/2026-08-15__14-30-12.jpeg\" alt=\"Ank\u00fcndigung des Neubaus des Sparkassen Quartiers in der Heilbronner Innenstadt.\" class=\"wp-image-26486\" srcset=\"https:\/\/schubladenerinnerungen.de\/blog\/wp-content\/uploads\/2026\/08\/2026-08-15__14-30-12.jpeg 2048w, https:\/\/schubladenerinnerungen.de\/blog\/wp-content\/uploads\/2026\/08\/2026-08-15__14-30-12-300x183.jpeg 300w, https:\/\/schubladenerinnerungen.de\/blog\/wp-content\/uploads\/2026\/08\/2026-08-15__14-30-12-767x468.jpeg 767w, https:\/\/schubladenerinnerungen.de\/blog\/wp-content\/uploads\/2026\/08\/2026-08-15__14-30-12-1536x938.jpeg 1536w\" sizes=\"auto, (max-width: 2048px) 100vw, 2048px\" \/><\/a><\/figure>\n\n\n\n<div style=\"height:10px\" aria-hidden=\"true\" class=\"wp-block-spacer\"><\/div>\n\n\n\n<p class=\"wp-block-paragraph\"><strong><a href=\"https:\/\/www.sparkassenquartier.de\/\" data-type=\"link\" data-id=\"https:\/\/www.sparkassenquartier.de\/\" target=\"_blank\" rel=\"noreferrer noopener\">Das neue \u201eSparkassen Quartier\u201c<\/a><\/strong> in Heilbronn: Ein Gro\u00dfprojekt, das laut PR-Sprech f\u00fcr <em>\u201emoderne Arbeitspl\u00e4tze und ansprechende L\u00f6sungen f\u00fcr die Kundschaft\u201c<\/em> steht.<\/p>\n\n\n\n<p class=\"wp-block-paragraph\">Schaut man sich die Renderings der Architekten an, sieht man das gewohnte Bild: Photoshop-B\u00e4ume im satten Gr\u00fcn, lichtdurchflutete Glasfronten und maximale Freundlichkeit. Die bauliche Realit\u00e4t? Meist ein ern\u00fcchternder Kontrast aus massiven Kubaturen und zubetonierten Freifl\u00e4chen.<\/p>\n\n\n\n<p class=\"wp-block-paragraph\">Besonders <strong><a href=\"https:\/\/vonm.de\/architektur\/projekte\/sparkassenquartier-heilbronn-standort-b\/\" data-type=\"link\" data-id=\"https:\/\/vonm.de\/architektur\/projekte\/sparkassenquartier-heilbronn-standort-b\/\" target=\"_blank\" rel=\"noreferrer noopener\">Bau B<\/a><\/strong> l\u00e4sst erahnen, wie wenig echter Raum f\u00fcr \u00f6ffentliches Stadtleben bleibt: Ein wuchtiger Riegel, der die Innenstadt eher abschirmt als belebt. W\u00e4hrend PR-Abteilungen und Politik von st\u00e4dtebaulichen Meilensteinen sprechen, fragt man sich vor Ort: Wo bleibt der tats\u00e4chliche Nutzen f\u00fcr die B\u00fcrger?<\/p>\n\n\n\n<p class=\"wp-block-paragraph\">B\u00e4ume in engen Pflanzk\u00fcbeln auf versiegeltem Boden lindern im Sommer kein Mikroklima. Das Muster kennt man bereits aus anderen St\u00e4dten \u2013 am Ende entsteht vor allem repr\u00e4sentative Verwaltungsarchitektur statt lebendiger Stadtraum.<\/p>\n\n\n\n<p class=\"wp-block-paragraph\">Der jetzige \u201eAltbau\u201c gegen\u00fcber dem <strong>Wollhaus<\/strong> wird durch diesen neuen <strong><a href=\"https:\/\/vonm.de\/architektur\/projekte\/sparkassenquartier-heilbronn-standort-a\/\" data-type=\"link\" data-id=\"https:\/\/vonm.de\/architektur\/projekte\/sparkassenquartier-heilbronn-standort-a\/\" target=\"_blank\" rel=\"noreferrer noopener\">Bau A<\/a><\/strong> ersetzt. Das macht keinen wirklichen Unterschied zu jetzt. Auch wenn das Rendering viel Gr\u00fcn und dezente Farben verspricht. Beides wird die sp\u00e4tere Realit\u00e4t nie aufweisen.<\/p>\n\n\n\n<p class=\"wp-block-paragraph\">Banken fressen &#8230;<\/p>\n\n\n\n<p class=\"wp-block-paragraph\">Erinnerungen an das <strong><a href=\"https:\/\/www.google.com\/maps\/search\/ksk+ludwigsburg\/@48.8944566,9.1861869,160m\/data=!3m1!1e3?entry=ttu&amp;g_ep=EgoyMDI2MDgxNi4wIKXMDSoASAFQAw%3D%3D\" data-type=\"link\" data-id=\"https:\/\/www.google.com\/maps\/search\/ksk+ludwigsburg\/@48.8944566,9.1861869,160m\/data=!3m1!1e3?entry=ttu&amp;g_ep=EgoyMDI2MDgxNi4wIKXMDSoASAFQAw%3D%3D\" target=\"_blank\" rel=\"noreferrer noopener\">KSK-Viertel in Ludwigsburg<\/a><\/strong> werden wach: Dort wichen einst gewachsene Strukturen, wundersch\u00f6ne Altbauten, traumhafte Hinterh\u00f6fe und gr\u00fcne G\u00e4rten einem glatten Neubaukomplex. Was damals als Meilenstein gefeiert wurde, ist heute vor allem eins: abends menschenleer.<\/p>\n\n\n\n<p class=\"wp-block-paragraph\">Ob Heilbronn aus solchen Fehlern lernt oder am Ende doch nur eine weitere Betonlandschaft mit Sparkassen-Logo bekommt, kann jetzt schon traditionell fundiert beantwortet werden.<\/p>\n\n\n\n<p class=\"wp-block-paragraph\"><strong><em>\u201eEin Neubau f\u00fcr das, worauf es ankommt: Maximaler Fl\u00e4chenfra\u00df f\u00fcr Verwaltungsapparate, minimale Aufenthaltsqualit\u00e4t f\u00fcr die Stadtbev\u00f6lkerung.\u201c<\/em><\/strong> \u2013 Dink, Vorstandsmitglied der Unsichtbarkasse Kochendorf am Kocher.<\/p>\n\n\n\n<p class=\"wp-block-paragraph\">Und das alles in Zeiten, in denen eigentlich alles digitaler werden soll. Planen die Banken hier etwa schon den analogen Notfallplan, falls die Cloud streikt?<\/p>\n\n\n\n<div style=\"height:25px\" aria-hidden=\"true\" class=\"wp-block-spacer\"><\/div>\n\n\n[dsgvo-youtube url=&#8220;https:\/\/www.youtube.com\/watch?v=vFZoSyfPcsw&#8220; images=&#8220;https:\/\/schubladenerinnerungen.de\/blog\/wp-content\/uploads\/2026\/08\/Deutschland-ist-haesslich.jpg&#8220; alt=&#8220;Deutschland ist h\u00e4sslich&#8220;][\/dsgvo-youtube]\n\n\n\n<div style=\"height:10px\" aria-hidden=\"true\" class=\"wp-block-spacer\"><\/div>\n\n\n\n<p class=\"wp-block-paragraph\">\u201eDas G\u00fcnstigste ist das, was man nur einmal baut. Und man baut nur einmal, was man liebt.\u201c<\/p>\n\n\n\n<p class=\"wp-block-paragraph\">Ein wunderbarer <a href=\"https:\/\/www.youtube.com\/watch?v=vFZoSyfPcsw\" data-type=\"link\" data-id=\"https:\/\/www.youtube.com\/watch?v=vFZoSyfPcsw\" target=\"_blank\" rel=\"noreferrer noopener\">Video-Tipp<\/a> von <strong>Felix<\/strong>.<\/p>\n\n\n\n<div style=\"height:50px\" aria-hidden=\"true\" class=\"wp-block-spacer\"><\/div>\n\n\n\n<figure class=\"wp-block-image size-full\"><a href=\"https:\/\/schubladenerinnerungen.de\/blog\/wp-content\/uploads\/2026\/08\/2026-08-16__13-42-07.jpeg\"><img loading=\"lazy\" decoding=\"async\" width=\"2048\" height=\"2048\" src=\"https:\/\/schubladenerinnerungen.de\/blog\/wp-content\/uploads\/2026\/08\/2026-08-16__13-42-07.jpeg\" alt=\"Das Bild zeigt den historischen K\u00f6llesturm (auch Oberes Tor genannt) am Ende der Stra\u00dfe in der Altstadt des Weinst\u00e4dtchens B\u00f6nnigheim im Landkreis Ludwigsburg, Baden-W\u00fcrttemberg.\" class=\"wp-image-26487\" srcset=\"https:\/\/schubladenerinnerungen.de\/blog\/wp-content\/uploads\/2026\/08\/2026-08-16__13-42-07.jpeg 2048w, https:\/\/schubladenerinnerungen.de\/blog\/wp-content\/uploads\/2026\/08\/2026-08-16__13-42-07-150x150.jpeg 150w, https:\/\/schubladenerinnerungen.de\/blog\/wp-content\/uploads\/2026\/08\/2026-08-16__13-42-07-300x300.jpeg 300w, https:\/\/schubladenerinnerungen.de\/blog\/wp-content\/uploads\/2026\/08\/2026-08-16__13-42-07-768x768.jpeg 768w, https:\/\/schubladenerinnerungen.de\/blog\/wp-content\/uploads\/2026\/08\/2026-08-16__13-42-07-1600x1600.jpeg 1600w, https:\/\/schubladenerinnerungen.de\/blog\/wp-content\/uploads\/2026\/08\/2026-08-16__13-42-07-1536x1536.jpeg 1536w, https:\/\/schubladenerinnerungen.de\/blog\/wp-content\/uploads\/2026\/08\/2026-08-16__13-42-07-60x60.jpeg 60w, https:\/\/schubladenerinnerungen.de\/blog\/wp-content\/uploads\/2026\/08\/2026-08-16__13-42-07-200x200.jpeg 200w\" sizes=\"auto, (max-width: 2048px) 100vw, 2048px\" \/><\/a><\/figure>\n\n\n\n<div style=\"height:10px\" aria-hidden=\"true\" class=\"wp-block-spacer\"><\/div>\n\n\n\n<p class=\"wp-block-paragraph\">Der schiefe Turm von <strong>B\u00f6nnigheim<\/strong>. Der K\u00f6llesturm.<\/p>\n\n\n\n<div style=\"height:50px\" aria-hidden=\"true\" class=\"wp-block-spacer\"><\/div>\n\n\n\n<figure class=\"wp-block-image size-full\"><a href=\"https:\/\/schubladenerinnerungen.de\/blog\/wp-content\/uploads\/2026\/08\/2026-08-17__17-54-49.jpeg\"><img loading=\"lazy\" decoding=\"async\" width=\"2048\" height=\"1236\" src=\"https:\/\/schubladenerinnerungen.de\/blog\/wp-content\/uploads\/2026\/08\/2026-08-17__17-54-49.jpeg\" alt=\"Das Bild zeigt eine malerische Weinlandschaft bei Flein (Heilbronner Landkreis) unter einem dramatischen Wolkenhimmel mit durchbrechenden Sonnenstrahlen (sogenannte Jakobsleiter oder Crepuscularstrahlen).\" class=\"wp-image-26488\" srcset=\"https:\/\/schubladenerinnerungen.de\/blog\/wp-content\/uploads\/2026\/08\/2026-08-17__17-54-49.jpeg 2048w, https:\/\/schubladenerinnerungen.de\/blog\/wp-content\/uploads\/2026\/08\/2026-08-17__17-54-49-300x181.jpeg 300w, https:\/\/schubladenerinnerungen.de\/blog\/wp-content\/uploads\/2026\/08\/2026-08-17__17-54-49-767x463.jpeg 767w, https:\/\/schubladenerinnerungen.de\/blog\/wp-content\/uploads\/2026\/08\/2026-08-17__17-54-49-1536x927.jpeg 1536w\" sizes=\"auto, (max-width: 2048px) 100vw, 2048px\" \/><\/a><\/figure>\n\n\n\n<div style=\"height:10px\" aria-hidden=\"true\" class=\"wp-block-spacer\"><\/div>\n\n\n\n<p class=\"wp-block-paragraph\">Irgendwo vor <strong>Flein<\/strong> in den Weinbergen.<\/p>\n\n\n\n<div style=\"height:50px\" aria-hidden=\"true\" class=\"wp-block-spacer\"><\/div>\n\n\n\n<figure class=\"wp-block-image size-full\"><a href=\"https:\/\/schubladenerinnerungen.de\/blog\/wp-content\/uploads\/2026\/09\/2026-08-18__17-47-24.jpeg\"><img loading=\"lazy\" decoding=\"async\" width=\"2048\" height=\"1244\" src=\"https:\/\/schubladenerinnerungen.de\/blog\/wp-content\/uploads\/2026\/09\/2026-08-18__17-47-24.jpeg\" alt=\"Die Neckarkurve bei Lauffen am Neckar. Rechts ist der Krappenfelsen.\" class=\"wp-image-26528\" srcset=\"https:\/\/schubladenerinnerungen.de\/blog\/wp-content\/uploads\/2026\/09\/2026-08-18__17-47-24.jpeg 2048w, https:\/\/schubladenerinnerungen.de\/blog\/wp-content\/uploads\/2026\/09\/2026-08-18__17-47-24-300x182.jpeg 300w, https:\/\/schubladenerinnerungen.de\/blog\/wp-content\/uploads\/2026\/09\/2026-08-18__17-47-24-767x466.jpeg 767w, https:\/\/schubladenerinnerungen.de\/blog\/wp-content\/uploads\/2026\/09\/2026-08-18__17-47-24-1536x933.jpeg 1536w\" sizes=\"auto, (max-width: 2048px) 100vw, 2048px\" \/><\/a><\/figure>\n\n\n\n<div style=\"height:10px\" aria-hidden=\"true\" class=\"wp-block-spacer\"><\/div>\n\n\n\n<p class=\"wp-block-paragraph\">Endlich Regen. Sanfter Landregen statt kurzer Schauer. Und 20 \u00b0C weniger. Was f\u00fcr eine Wohltat. Und nein, Regenwetter ist kein Schlechtwetter. Und ich h\u00f6r den <strong>Petrichor<\/strong> singen &#8230; riechen tu ich ihn auch.<\/p>\n\n\n\n<div style=\"height:50px\" aria-hidden=\"true\" class=\"wp-block-spacer\"><\/div>\n\n\n\n<figure class=\"wp-block-image size-full\"><a href=\"https:\/\/schubladenerinnerungen.de\/blog\/wp-content\/uploads\/2026\/09\/2026-08-21__13-16-12.jpeg\"><img loading=\"lazy\" decoding=\"async\" width=\"2048\" height=\"2048\" src=\"https:\/\/schubladenerinnerungen.de\/blog\/wp-content\/uploads\/2026\/09\/2026-08-21__13-16-12.jpeg\" alt=\"Das Bild zeigt den markanten Michaelsberg bei Cleebronn im Zaberg\u00e4u (Landkreis Heilbronn\/Ludwigsburg, Baden-W\u00fcrttemberg), eine 395 Meter hohe Erhebung mit dem darauf befindlichen Jugend- und Tagungshaus Michaelsberg, umgeben von ausgedehnten Weinbergen.\" class=\"wp-image-26574\" srcset=\"https:\/\/schubladenerinnerungen.de\/blog\/wp-content\/uploads\/2026\/09\/2026-08-21__13-16-12.jpeg 2048w, https:\/\/schubladenerinnerungen.de\/blog\/wp-content\/uploads\/2026\/09\/2026-08-21__13-16-12-150x150.jpeg 150w, https:\/\/schubladenerinnerungen.de\/blog\/wp-content\/uploads\/2026\/09\/2026-08-21__13-16-12-300x300-1.jpeg 300w, https:\/\/schubladenerinnerungen.de\/blog\/wp-content\/uploads\/2026\/09\/2026-08-21__13-16-12-768x768.jpeg 768w, https:\/\/schubladenerinnerungen.de\/blog\/wp-content\/uploads\/2026\/09\/2026-08-21__13-16-12-1600x1600.jpeg 1600w, https:\/\/schubladenerinnerungen.de\/blog\/wp-content\/uploads\/2026\/09\/2026-08-21__13-16-12-1536x1536.jpeg 1536w, https:\/\/schubladenerinnerungen.de\/blog\/wp-content\/uploads\/2026\/09\/2026-08-21__13-16-12-60x60.jpeg 60w, https:\/\/schubladenerinnerungen.de\/blog\/wp-content\/uploads\/2026\/09\/2026-08-21__13-16-12-200x200.jpeg 200w\" sizes=\"auto, (max-width: 2048px) 100vw, 2048px\" \/><\/a><\/figure>\n\n\n\n<div style=\"height:10px\" aria-hidden=\"true\" class=\"wp-block-spacer\"><\/div>\n\n\n\n<figure class=\"wp-block-image size-full\"><a href=\"https:\/\/schubladenerinnerungen.de\/blog\/wp-content\/uploads\/2026\/09\/2026-08-21__13-21-15.jpeg\"><img loading=\"lazy\" decoding=\"async\" width=\"2048\" height=\"1248\" src=\"https:\/\/schubladenerinnerungen.de\/blog\/wp-content\/uploads\/2026\/09\/2026-08-21__13-21-15.jpeg\" alt=\"St\u00f6rche halten sich h\u00e4ufig in offenem Gel\u00e4nde \u2013 wie hier einem Golfplatz \u2013 oder auf Feuchtwiesen auf, um nach Nahrung wie Amphibien, Insekten oder kleinen Reptilien zu suchen. Typisch ist auch das gelegentliche Stehen auf nur einem Bein, um K\u00f6rperw\u00e4rme zu regulieren.\" class=\"wp-image-26575\" srcset=\"https:\/\/schubladenerinnerungen.de\/blog\/wp-content\/uploads\/2026\/09\/2026-08-21__13-21-15.jpeg 2048w, https:\/\/schubladenerinnerungen.de\/blog\/wp-content\/uploads\/2026\/09\/2026-08-21__13-21-15-300x183.jpeg 300w, https:\/\/schubladenerinnerungen.de\/blog\/wp-content\/uploads\/2026\/09\/2026-08-21__13-21-15-768x468.jpeg 768w, https:\/\/schubladenerinnerungen.de\/blog\/wp-content\/uploads\/2026\/09\/2026-08-21__13-21-15-1536x936.jpeg 1536w\" sizes=\"auto, (max-width: 2048px) 100vw, 2048px\" \/><\/a><\/figure>\n\n\n\n<div style=\"height:10px\" aria-hidden=\"true\" class=\"wp-block-spacer\"><\/div>\n\n\n\n<p class=\"wp-block-paragraph\">Erneut im <strong>Naturpark Stromberg-Heuchelberg<\/strong>: Der <strong>Michaelsberg<\/strong> und St\u00f6rche aufm <strong>Golfplatz Cleebronn<\/strong>.<\/p>\n\n\n\n<div style=\"height:50px\" aria-hidden=\"true\" class=\"wp-block-spacer\"><\/div>\n\n\n    <video-js id=\"videojs6a971bb36bbac\" class=\"vjs-big-play-centered\" controls preload=\"auto\" poster=\"https:\/\/schubladenerinnerungen.de\/blog\/wp-content\/uploads\/2026\/08\/Schwalben.png\" playsinline data-setup='{\"fluid\": true}'>\r\n        <source src=\"https:\/\/schubladenerinnerungen.de\/blog\/wp-content\/uploads\/2026\/08\/Schwalben.mp4\" type=\"video\/mp4\" \/>\r\n    <\/video-js>\r\n           \n\n\n\n<div style=\"height:20px\" aria-hidden=\"true\" class=\"wp-block-spacer\"><\/div>\n\n\n\n<p class=\"wp-block-paragraph\">Immer wenn sich die Schwalben zur Abreise sammeln, packt mich eine leichte Melancholie. Die kleinen <a href=\"https:\/\/de.wikipedia.org\/wiki\/Schwalben\" data-type=\"link\" data-id=\"https:\/\/de.wikipedia.org\/wiki\/Schwalben\" target=\"_blank\" rel=\"noreferrer noopener\">Schwirrdrachen<\/a> und die <a href=\"https:\/\/de.wikipedia.org\/wiki\/Mauersegler\" data-type=\"link\" data-id=\"https:\/\/de.wikipedia.org\/wiki\/Mauersegler\" target=\"_blank\" rel=\"noreferrer noopener\">Schreidrachen<\/a>, die schon Wochen fr\u00fcher weitergezogen sind, fehlen mir dann einfach.<\/p>\n\n\n\n<p class=\"wp-block-paragraph\">Das Geschnaufe m\u00f6chte ich entschuldigen. Kurz vorher hatte ich einen H\u00fcgel zu erklimmen.<\/p>\n\n\n\n<div style=\"height:50px\" aria-hidden=\"true\" class=\"wp-block-spacer\"><\/div>\n\n\n\n<figure class=\"wp-block-image size-full\"><a href=\"https:\/\/schubladenerinnerungen.de\/blog\/wp-content\/uploads\/2026\/09\/2026-08-22__11-35-10.jpeg\"><img loading=\"lazy\" decoding=\"async\" width=\"2048\" height=\"1317\" src=\"https:\/\/schubladenerinnerungen.de\/blog\/wp-content\/uploads\/2026\/09\/2026-08-22__11-35-10.jpeg\" alt=\"Auf dem Eberst\u00e4dter Weg zwischen Neuenstadt am Kocher und Eberstadt.\" class=\"wp-image-26577\" srcset=\"https:\/\/schubladenerinnerungen.de\/blog\/wp-content\/uploads\/2026\/09\/2026-08-22__11-35-10.jpeg 2048w, https:\/\/schubladenerinnerungen.de\/blog\/wp-content\/uploads\/2026\/09\/2026-08-22__11-35-10-300x193.jpeg 300w, https:\/\/schubladenerinnerungen.de\/blog\/wp-content\/uploads\/2026\/09\/2026-08-22__11-35-10-767x493.jpeg 767w, https:\/\/schubladenerinnerungen.de\/blog\/wp-content\/uploads\/2026\/09\/2026-08-22__11-35-10-1536x988.jpeg 1536w\" sizes=\"auto, (max-width: 2048px) 100vw, 2048px\" \/><\/a><\/figure>\n\n\n\n<div style=\"height:10px\" aria-hidden=\"true\" class=\"wp-block-spacer\"><\/div>\n\n\n\n<figure class=\"wp-block-image size-full\"><a href=\"https:\/\/schubladenerinnerungen.de\/blog\/wp-content\/uploads\/2026\/09\/2026-08-22__11-35-24.jpeg\"><img loading=\"lazy\" decoding=\"async\" width=\"2048\" height=\"1294\" src=\"https:\/\/schubladenerinnerungen.de\/blog\/wp-content\/uploads\/2026\/09\/2026-08-22__11-35-24.jpeg\" alt=\"Auf dem Eberst\u00e4dter Weg zwischen Neuenstadt am Kocher und Eberstadt.\" class=\"wp-image-26578\" srcset=\"https:\/\/schubladenerinnerungen.de\/blog\/wp-content\/uploads\/2026\/09\/2026-08-22__11-35-24.jpeg 2048w, https:\/\/schubladenerinnerungen.de\/blog\/wp-content\/uploads\/2026\/09\/2026-08-22__11-35-24-300x190.jpeg 300w, https:\/\/schubladenerinnerungen.de\/blog\/wp-content\/uploads\/2026\/09\/2026-08-22__11-35-24-768x485.jpeg 768w, https:\/\/schubladenerinnerungen.de\/blog\/wp-content\/uploads\/2026\/09\/2026-08-22__11-35-24-1536x971.jpeg 1536w\" sizes=\"auto, (max-width: 2048px) 100vw, 2048px\" \/><\/a><\/figure>\n\n\n\n<div style=\"height:10px\" aria-hidden=\"true\" class=\"wp-block-spacer\"><\/div>\n\n\n\n<figure class=\"wp-block-image size-full\"><a href=\"https:\/\/schubladenerinnerungen.de\/blog\/wp-content\/uploads\/2026\/09\/2026-08-22__11-38-56.jpeg\"><img loading=\"lazy\" decoding=\"async\" width=\"2048\" height=\"1241\" src=\"https:\/\/schubladenerinnerungen.de\/blog\/wp-content\/uploads\/2026\/09\/2026-08-22__11-38-56.jpeg\" alt=\"Auf dem Eberst\u00e4dter Weg zwischen Neuenstadt am Kocher und Eberstadt. Der Blick hier Richtung Harthauser Wald. Rechts m\u00fcsste hinter den B\u00e4umen Cleversulzbach liegen.\" class=\"wp-image-26579\" srcset=\"https:\/\/schubladenerinnerungen.de\/blog\/wp-content\/uploads\/2026\/09\/2026-08-22__11-38-56.jpeg 2048w, https:\/\/schubladenerinnerungen.de\/blog\/wp-content\/uploads\/2026\/09\/2026-08-22__11-38-56-300x182.jpeg 300w, https:\/\/schubladenerinnerungen.de\/blog\/wp-content\/uploads\/2026\/09\/2026-08-22__11-38-56-767x465.jpeg 767w, https:\/\/schubladenerinnerungen.de\/blog\/wp-content\/uploads\/2026\/09\/2026-08-22__11-38-56-1536x931.jpeg 1536w\" sizes=\"auto, (max-width: 2048px) 100vw, 2048px\" \/><\/a><\/figure>\n\n\n\n<div style=\"height:10px\" aria-hidden=\"true\" class=\"wp-block-spacer\"><\/div>\n\n\n\n<figure class=\"wp-block-image size-full\"><a href=\"https:\/\/schubladenerinnerungen.de\/blog\/wp-content\/uploads\/2026\/09\/2026-08-22__11-39-51.jpeg\"><img loading=\"lazy\" decoding=\"async\" width=\"2048\" height=\"1267\" src=\"https:\/\/schubladenerinnerungen.de\/blog\/wp-content\/uploads\/2026\/09\/2026-08-22__11-39-51.jpeg\" alt=\"Auf dem Eberst\u00e4dter Weg zwischen Neuenstadt am Kocher und Eberstadt. Dieser idyllische Weg ist jetzt schon wie im Herbst verf\u00e4rbt.\" class=\"wp-image-26580\" srcset=\"https:\/\/schubladenerinnerungen.de\/blog\/wp-content\/uploads\/2026\/09\/2026-08-22__11-39-51.jpeg 2048w, https:\/\/schubladenerinnerungen.de\/blog\/wp-content\/uploads\/2026\/09\/2026-08-22__11-39-51-300x185.jpeg 300w, https:\/\/schubladenerinnerungen.de\/blog\/wp-content\/uploads\/2026\/09\/2026-08-22__11-39-51-768x475.jpeg 768w, https:\/\/schubladenerinnerungen.de\/blog\/wp-content\/uploads\/2026\/09\/2026-08-22__11-39-51-1536x950.jpeg 1536w\" sizes=\"auto, (max-width: 2048px) 100vw, 2048px\" \/><\/a><\/figure>\n\n\n\n<div style=\"height:10px\" aria-hidden=\"true\" class=\"wp-block-spacer\"><\/div>\n\n\n\n<figure class=\"wp-block-image size-full\"><a href=\"https:\/\/schubladenerinnerungen.de\/blog\/wp-content\/uploads\/2026\/09\/2026-08-22__11-41-41.jpeg\"><img loading=\"lazy\" decoding=\"async\" width=\"2048\" height=\"1284\" src=\"https:\/\/schubladenerinnerungen.de\/blog\/wp-content\/uploads\/2026\/09\/2026-08-22__11-41-41.jpeg\" alt=\"Auf dem Eberst\u00e4dter Weg zwischen Neuenstadt am Kocher und Eberstadt.\" class=\"wp-image-26581\" srcset=\"https:\/\/schubladenerinnerungen.de\/blog\/wp-content\/uploads\/2026\/09\/2026-08-22__11-41-41.jpeg 2048w, https:\/\/schubladenerinnerungen.de\/blog\/wp-content\/uploads\/2026\/09\/2026-08-22__11-41-41-300x188.jpeg 300w, https:\/\/schubladenerinnerungen.de\/blog\/wp-content\/uploads\/2026\/09\/2026-08-22__11-41-41-767x481.jpeg 767w, https:\/\/schubladenerinnerungen.de\/blog\/wp-content\/uploads\/2026\/09\/2026-08-22__11-41-41-1536x963.jpeg 1536w\" sizes=\"auto, (max-width: 2048px) 100vw, 2048px\" \/><\/a><\/figure>\n\n\n\n<div style=\"height:10px\" aria-hidden=\"true\" class=\"wp-block-spacer\"><\/div>\n\n\n\n<p class=\"wp-block-paragraph\">Auf dem <strong>Eberst\u00e4dter Weg<\/strong> zwischen <strong>Neuenstadt am Kocher<\/strong> und <strong>Eberstadt<\/strong>.<\/p>\n\n\n\n<div style=\"height:50px\" aria-hidden=\"true\" class=\"wp-block-spacer\"><\/div>\n\n\n\n<figure class=\"wp-block-image size-full\"><a href=\"https:\/\/schubladenerinnerungen.de\/blog\/wp-content\/uploads\/2026\/09\/2026-08-24__15-19-15.jpeg\"><img loading=\"lazy\" decoding=\"async\" width=\"2048\" height=\"1304\" src=\"https:\/\/schubladenerinnerungen.de\/blog\/wp-content\/uploads\/2026\/09\/2026-08-24__15-19-15.jpeg\" alt=\"Auf dem Bergr\u00fccken des Heuchelbergs bei Leingarten und Nordheim. Links hinten kann man Heilbronn sehen.\" class=\"wp-image-26632\" srcset=\"https:\/\/schubladenerinnerungen.de\/blog\/wp-content\/uploads\/2026\/09\/2026-08-24__15-19-15.jpeg 2048w, https:\/\/schubladenerinnerungen.de\/blog\/wp-content\/uploads\/2026\/09\/2026-08-24__15-19-15-300x191.jpeg 300w, https:\/\/schubladenerinnerungen.de\/blog\/wp-content\/uploads\/2026\/09\/2026-08-24__15-19-15-768x489.jpeg 768w, https:\/\/schubladenerinnerungen.de\/blog\/wp-content\/uploads\/2026\/09\/2026-08-24__15-19-15-1536x978.jpeg 1536w\" sizes=\"auto, (max-width: 2048px) 100vw, 2048px\" \/><\/a><\/figure>\n\n\n\n<div style=\"height:10px\" aria-hidden=\"true\" class=\"wp-block-spacer\"><\/div>\n\n\n\n<figure class=\"wp-block-image size-full\"><a href=\"https:\/\/schubladenerinnerungen.de\/blog\/wp-content\/uploads\/2026\/09\/2026-08-24__15-26-44.jpeg\"><img loading=\"lazy\" decoding=\"async\" width=\"2048\" height=\"2048\" src=\"https:\/\/schubladenerinnerungen.de\/blog\/wp-content\/uploads\/2026\/09\/2026-08-24__15-26-44.jpeg\" alt=\"Vom Heuchelberger Weg ab einen Downhill-Trail runter. Nichts f\u00fcr meine Reifen.\" class=\"wp-image-26633\" srcset=\"https:\/\/schubladenerinnerungen.de\/blog\/wp-content\/uploads\/2026\/09\/2026-08-24__15-26-44.jpeg 2048w, https:\/\/schubladenerinnerungen.de\/blog\/wp-content\/uploads\/2026\/09\/2026-08-24__15-26-44-150x150.jpeg 150w, https:\/\/schubladenerinnerungen.de\/blog\/wp-content\/uploads\/2026\/09\/2026-08-24__15-26-44-300x300-1.jpeg 300w, https:\/\/schubladenerinnerungen.de\/blog\/wp-content\/uploads\/2026\/09\/2026-08-24__15-26-44-768x768.jpeg 768w, https:\/\/schubladenerinnerungen.de\/blog\/wp-content\/uploads\/2026\/09\/2026-08-24__15-26-44-1600x1600.jpeg 1600w, https:\/\/schubladenerinnerungen.de\/blog\/wp-content\/uploads\/2026\/09\/2026-08-24__15-26-44-1536x1536.jpeg 1536w, https:\/\/schubladenerinnerungen.de\/blog\/wp-content\/uploads\/2026\/09\/2026-08-24__15-26-44-60x60.jpeg 60w, https:\/\/schubladenerinnerungen.de\/blog\/wp-content\/uploads\/2026\/09\/2026-08-24__15-26-44-200x200.jpeg 200w\" sizes=\"auto, (max-width: 2048px) 100vw, 2048px\" \/><\/a><\/figure>\n\n\n\n<div style=\"height:10px\" aria-hidden=\"true\" class=\"wp-block-spacer\"><\/div>\n\n\n\n<figure class=\"wp-block-image size-full\"><a href=\"https:\/\/schubladenerinnerungen.de\/blog\/wp-content\/uploads\/2026\/09\/2026-08-24__15-35-11.jpeg\"><img loading=\"lazy\" decoding=\"async\" width=\"2048\" height=\"1276\" src=\"https:\/\/schubladenerinnerungen.de\/blog\/wp-content\/uploads\/2026\/09\/2026-08-24__15-35-11.jpeg\" alt=\"Das Bild zeigt die bekannte Yak-Herde bei Neipperg (einem Stadtteil von Brackenheim in Baden-W\u00fcrttemberg) am Burgacker.\" class=\"wp-image-26634\" srcset=\"https:\/\/schubladenerinnerungen.de\/blog\/wp-content\/uploads\/2026\/09\/2026-08-24__15-35-11.jpeg 2048w, https:\/\/schubladenerinnerungen.de\/blog\/wp-content\/uploads\/2026\/09\/2026-08-24__15-35-11-300x187.jpeg 300w, https:\/\/schubladenerinnerungen.de\/blog\/wp-content\/uploads\/2026\/09\/2026-08-24__15-35-11-767x478.jpeg 767w, https:\/\/schubladenerinnerungen.de\/blog\/wp-content\/uploads\/2026\/09\/2026-08-24__15-35-11-1536x957.jpeg 1536w\" sizes=\"auto, (max-width: 2048px) 100vw, 2048px\" \/><\/a><\/figure>\n\n\n\n<div style=\"height:10px\" aria-hidden=\"true\" class=\"wp-block-spacer\"><\/div>\n\n\n\n<figure class=\"wp-block-image size-full\"><a href=\"https:\/\/schubladenerinnerungen.de\/blog\/wp-content\/uploads\/2026\/09\/2026-08-24__15-54-12.jpeg\"><img loading=\"lazy\" decoding=\"async\" width=\"2048\" height=\"2045\" src=\"https:\/\/schubladenerinnerungen.de\/blog\/wp-content\/uploads\/2026\/09\/2026-08-24__15-54-12.jpeg\" alt=\"Sch\u00f6n bemalter Stromkasten in Massenbach. Das Bild zeigt das Schloss von Massenbach. Gesehen durch ein gotisches Spitzbogenfenster.\" class=\"wp-image-26635\" srcset=\"https:\/\/schubladenerinnerungen.de\/blog\/wp-content\/uploads\/2026\/09\/2026-08-24__15-54-12.jpeg 2048w, https:\/\/schubladenerinnerungen.de\/blog\/wp-content\/uploads\/2026\/09\/2026-08-24__15-54-12-150x150.jpeg 150w, https:\/\/schubladenerinnerungen.de\/blog\/wp-content\/uploads\/2026\/09\/2026-08-24__15-54-12-300x300.jpeg 300w, https:\/\/schubladenerinnerungen.de\/blog\/wp-content\/uploads\/2026\/09\/2026-08-24__15-54-12-767x766.jpeg 767w, https:\/\/schubladenerinnerungen.de\/blog\/wp-content\/uploads\/2026\/09\/2026-08-24__15-54-12-1602x1600.jpeg 1602w, https:\/\/schubladenerinnerungen.de\/blog\/wp-content\/uploads\/2026\/09\/2026-08-24__15-54-12-1536x1534.jpeg 1536w, https:\/\/schubladenerinnerungen.de\/blog\/wp-content\/uploads\/2026\/09\/2026-08-24__15-54-12-60x60.jpeg 60w, https:\/\/schubladenerinnerungen.de\/blog\/wp-content\/uploads\/2026\/09\/2026-08-24__15-54-12-200x200.jpeg 200w\" sizes=\"auto, (max-width: 2048px) 100vw, 2048px\" \/><\/a><\/figure>\n\n\n\n<div style=\"height:10px\" aria-hidden=\"true\" class=\"wp-block-spacer\"><\/div>\n\n\n\n<figure class=\"wp-block-image size-full\"><a href=\"https:\/\/schubladenerinnerungen.de\/blog\/wp-content\/uploads\/2026\/09\/2026-08-24__16-00-57.jpeg\"><img loading=\"lazy\" decoding=\"async\" width=\"2048\" height=\"2048\" src=\"https:\/\/schubladenerinnerungen.de\/blog\/wp-content\/uploads\/2026\/09\/2026-08-24__16-00-57.jpeg\" alt=\"Aufm Feldweg vor Kirchhausen.\" class=\"wp-image-26639\" srcset=\"https:\/\/schubladenerinnerungen.de\/blog\/wp-content\/uploads\/2026\/09\/2026-08-24__16-00-57.jpeg 2048w, https:\/\/schubladenerinnerungen.de\/blog\/wp-content\/uploads\/2026\/09\/2026-08-24__16-00-57-150x150.jpeg 150w, https:\/\/schubladenerinnerungen.de\/blog\/wp-content\/uploads\/2026\/09\/2026-08-24__16-00-57-300x300-1.jpeg 300w, https:\/\/schubladenerinnerungen.de\/blog\/wp-content\/uploads\/2026\/09\/2026-08-24__16-00-57-768x768.jpeg 768w, https:\/\/schubladenerinnerungen.de\/blog\/wp-content\/uploads\/2026\/09\/2026-08-24__16-00-57-1600x1600.jpeg 1600w, https:\/\/schubladenerinnerungen.de\/blog\/wp-content\/uploads\/2026\/09\/2026-08-24__16-00-57-1536x1536.jpeg 1536w, https:\/\/schubladenerinnerungen.de\/blog\/wp-content\/uploads\/2026\/09\/2026-08-24__16-00-57-60x60.jpeg 60w, https:\/\/schubladenerinnerungen.de\/blog\/wp-content\/uploads\/2026\/09\/2026-08-24__16-00-57-200x200.jpeg 200w\" sizes=\"auto, (max-width: 2048px) 100vw, 2048px\" \/><\/a><\/figure>\n\n\n\n<div style=\"height:10px\" aria-hidden=\"true\" class=\"wp-block-spacer\"><\/div>\n\n\n\n<figure class=\"wp-block-image size-full\"><a href=\"https:\/\/schubladenerinnerungen.de\/blog\/wp-content\/uploads\/2026\/09\/2026-08-24__16-40-01.jpeg\"><img loading=\"lazy\" decoding=\"async\" width=\"2048\" height=\"2048\" src=\"https:\/\/schubladenerinnerungen.de\/blog\/wp-content\/uploads\/2026\/09\/2026-08-24__16-40-01.jpeg\" alt=\"Aufm Feldweg vor Leingarten.\" class=\"wp-image-26640\" srcset=\"https:\/\/schubladenerinnerungen.de\/blog\/wp-content\/uploads\/2026\/09\/2026-08-24__16-40-01.jpeg 2048w, https:\/\/schubladenerinnerungen.de\/blog\/wp-content\/uploads\/2026\/09\/2026-08-24__16-40-01-150x150.jpeg 150w, https:\/\/schubladenerinnerungen.de\/blog\/wp-content\/uploads\/2026\/09\/2026-08-24__16-40-01-300x300-1.jpeg 300w, https:\/\/schubladenerinnerungen.de\/blog\/wp-content\/uploads\/2026\/09\/2026-08-24__16-40-01-768x768.jpeg 768w, https:\/\/schubladenerinnerungen.de\/blog\/wp-content\/uploads\/2026\/09\/2026-08-24__16-40-01-1600x1600.jpeg 1600w, https:\/\/schubladenerinnerungen.de\/blog\/wp-content\/uploads\/2026\/09\/2026-08-24__16-40-01-1536x1536.jpeg 1536w, https:\/\/schubladenerinnerungen.de\/blog\/wp-content\/uploads\/2026\/09\/2026-08-24__16-40-01-60x60.jpeg 60w, https:\/\/schubladenerinnerungen.de\/blog\/wp-content\/uploads\/2026\/09\/2026-08-24__16-40-01-200x200.jpeg 200w\" sizes=\"auto, (max-width: 2048px) 100vw, 2048px\" \/><\/a><\/figure>\n\n\n\n<div style=\"height:10px\" aria-hidden=\"true\" class=\"wp-block-spacer\"><\/div>\n\n\n\n<p class=\"wp-block-paragraph\">Von <strong>Lauffen am Neckar<\/strong> auf den Bergr\u00fccken des <strong>Heuchelbergs<\/strong>, einen Downhill-Trail runter und auf Irrwegen \u00fcber Feldwege irgendwo zwischen <strong>Massenbach<\/strong> und <strong>Heilbronn<\/strong>. Da muss ich durch ein Portal geradelt sein, denn meine Taschenkamera und das Smartphone hatten die Photos hinterher mit unterschiedlichen Zeiten gespeichert.<\/p>\n\n\n\n<div style=\"height:50px\" aria-hidden=\"true\" class=\"wp-block-spacer\"><\/div>\n\n\n\n<figure class=\"wp-block-image size-full\"><a href=\"https:\/\/schubladenerinnerungen.de\/blog\/wp-content\/uploads\/2026\/09\/2026-08-26__07-24-01.jpeg\"><img loading=\"lazy\" decoding=\"async\" width=\"2048\" height=\"1235\" src=\"https:\/\/schubladenerinnerungen.de\/blog\/wp-content\/uploads\/2026\/09\/2026-08-26__07-24-01.jpeg\" alt=\"Nebel am Dietersberg bei Ilsfeld. Ende August. Die Sonne gl\u00fcht durch die dicke Nebelschicht.\" class=\"wp-image-26676\" srcset=\"https:\/\/schubladenerinnerungen.de\/blog\/wp-content\/uploads\/2026\/09\/2026-08-26__07-24-01.jpeg 2048w, https:\/\/schubladenerinnerungen.de\/blog\/wp-content\/uploads\/2026\/09\/2026-08-26__07-24-01-300x181.jpeg 300w, https:\/\/schubladenerinnerungen.de\/blog\/wp-content\/uploads\/2026\/09\/2026-08-26__07-24-01-768x463.jpeg 768w, https:\/\/schubladenerinnerungen.de\/blog\/wp-content\/uploads\/2026\/09\/2026-08-26__07-24-01-1536x926.jpeg 1536w\" sizes=\"auto, (max-width: 2048px) 100vw, 2048px\" \/><\/a><\/figure>\n\n\n\n<div style=\"height:10px\" aria-hidden=\"true\" class=\"wp-block-spacer\"><\/div>\n\n\n\n<p class=\"wp-block-paragraph\">Die ersten Nebel sind wieder da&#8230;<\/p>\n\n\n\n<div style=\"height:50px\" aria-hidden=\"true\" class=\"wp-block-spacer\"><\/div>\n\n\n    <video-js id=\"videojs6a971bb36bbd4\" class=\"vjs-big-play-centered\" controls preload=\"auto\" poster=\"https:\/\/schubladenerinnerungen.de\/blog\/wp-content\/uploads\/2026\/08\/Taikodonner-und-Regen.png\" playsinline data-setup='{\"fluid\": true}'>\r\n        <source src=\"https:\/\/schubladenerinnerungen.de\/blog\/wp-content\/uploads\/2026\/08\/Taikodonner-und-Regen.mp4\" type=\"video\/mp4\" \/>\r\n    <\/video-js>\r\n           \n\n\n\n<div style=\"height:10px\" aria-hidden=\"true\" class=\"wp-block-spacer\"><\/div>\n\n\n\n<p class=\"wp-block-paragraph\"><a href=\"https:\/\/de.wikipedia.org\/wiki\/Taiko\" target=\"_blank\" data-type=\"link\" data-id=\"https:\/\/de.wikipedia.org\/wiki\/Taiko\" rel=\"noreferrer noopener\">Taiko<\/a>donner und Regen auf Arbeit.<\/p>\n\n\n\n<div style=\"height:50px\" aria-hidden=\"true\" class=\"wp-block-spacer\"><\/div>\n\n\n\n<figure class=\"wp-block-image size-full\"><a href=\"https:\/\/schubladenerinnerungen.de\/blog\/wp-content\/uploads\/2026\/09\/2026-08-28__17-00-17.jpeg\"><img loading=\"lazy\" decoding=\"async\" width=\"2048\" height=\"1223\" src=\"https:\/\/schubladenerinnerungen.de\/blog\/wp-content\/uploads\/2026\/09\/2026-08-28__17-00-17.jpeg\" alt=\"Die Neckarkurve am Krappenfelsen vor Lauffen am Neckar. Von der Panoramastra\u00dfe aus gesehen.\" class=\"wp-image-26718\" srcset=\"https:\/\/schubladenerinnerungen.de\/blog\/wp-content\/uploads\/2026\/09\/2026-08-28__17-00-17.jpeg 2048w, https:\/\/schubladenerinnerungen.de\/blog\/wp-content\/uploads\/2026\/09\/2026-08-28__17-00-17-300x179.jpeg 300w, https:\/\/schubladenerinnerungen.de\/blog\/wp-content\/uploads\/2026\/09\/2026-08-28__17-00-17-767x458.jpeg 767w, https:\/\/schubladenerinnerungen.de\/blog\/wp-content\/uploads\/2026\/09\/2026-08-28__17-00-17-1536x917.jpeg 1536w\" sizes=\"auto, (max-width: 2048px) 100vw, 2048px\" \/><\/a><\/figure>\n\n\n\n<div style=\"height:10px\" aria-hidden=\"true\" class=\"wp-block-spacer\"><\/div>\n\n\n\n<p class=\"wp-block-paragraph\">Sch\u00f6ne Wolkenspiele, und der Wind vertreibt die Schw\u00fcle.<\/p>\n\n\n\n<div style=\"height:50px\" aria-hidden=\"true\" class=\"wp-block-spacer\"><\/div>\n\n\n\n<figure class=\"wp-block-image size-full\"><a href=\"https:\/\/schubladenerinnerungen.de\/blog\/wp-content\/uploads\/2026\/09\/Himmel.jpg\"><img loading=\"lazy\" decoding=\"async\" width=\"2048\" height=\"720\" src=\"https:\/\/schubladenerinnerungen.de\/blog\/wp-content\/uploads\/2026\/09\/Himmel.jpg\" alt=\"Dramatische Wolkenspiele im Sonnenuntergang.\" class=\"wp-image-26761\" srcset=\"https:\/\/schubladenerinnerungen.de\/blog\/wp-content\/uploads\/2026\/09\/Himmel.jpg 2048w, https:\/\/schubladenerinnerungen.de\/blog\/wp-content\/uploads\/2026\/09\/Himmel-300x105.jpg 300w, https:\/\/schubladenerinnerungen.de\/blog\/wp-content\/uploads\/2026\/09\/Himmel-768x270.jpg 768w, https:\/\/schubladenerinnerungen.de\/blog\/wp-content\/uploads\/2026\/09\/Himmel-1536x540.jpg 1536w\" sizes=\"auto, (max-width: 2048px) 100vw, 2048px\" \/><\/a><\/figure>\n\n\n\n<div style=\"height:10px\" aria-hidden=\"true\" class=\"wp-block-spacer\"><\/div>\n\n\n\n<p class=\"wp-block-paragraph\">Wolkenpanoramen.<\/p>\n\n\n\n<div style=\"height:50px\" aria-hidden=\"true\" class=\"wp-block-spacer\"><\/div>\n\n\n\n<figure class=\"wp-block-image size-full\"><a href=\"https:\/\/schubladenerinnerungen.de\/blog\/wp-content\/uploads\/2026\/09\/2026-08-28__21-11-45.jpeg\"><img loading=\"lazy\" decoding=\"async\" width=\"2048\" height=\"2048\" src=\"https:\/\/schubladenerinnerungen.de\/blog\/wp-content\/uploads\/2026\/09\/2026-08-28__21-11-45.jpeg\" alt=\"Ein Kupferbecher voller Gin Tonic. Als Experiment mit Limetten.\" class=\"wp-image-26719\" srcset=\"https:\/\/schubladenerinnerungen.de\/blog\/wp-content\/uploads\/2026\/09\/2026-08-28__21-11-45.jpeg 2048w, https:\/\/schubladenerinnerungen.de\/blog\/wp-content\/uploads\/2026\/09\/2026-08-28__21-11-45-150x150.jpeg 150w, https:\/\/schubladenerinnerungen.de\/blog\/wp-content\/uploads\/2026\/09\/2026-08-28__21-11-45-300x300-1.jpeg 300w, https:\/\/schubladenerinnerungen.de\/blog\/wp-content\/uploads\/2026\/09\/2026-08-28__21-11-45-768x768.jpeg 768w, https:\/\/schubladenerinnerungen.de\/blog\/wp-content\/uploads\/2026\/09\/2026-08-28__21-11-45-1600x1600.jpeg 1600w, https:\/\/schubladenerinnerungen.de\/blog\/wp-content\/uploads\/2026\/09\/2026-08-28__21-11-45-1536x1536.jpeg 1536w, https:\/\/schubladenerinnerungen.de\/blog\/wp-content\/uploads\/2026\/09\/2026-08-28__21-11-45-60x60.jpeg 60w, https:\/\/schubladenerinnerungen.de\/blog\/wp-content\/uploads\/2026\/09\/2026-08-28__21-11-45-200x200.jpeg 200w\" sizes=\"auto, (max-width: 2048px) 100vw, 2048px\" \/><\/a><\/figure>\n\n\n\n<div style=\"height:10px\" aria-hidden=\"true\" class=\"wp-block-spacer\"><\/div>\n\n\n\n<p class=\"wp-block-paragraph\">Gin-Experimente.<\/p>\n\n\n\n<div style=\"height:50px\" aria-hidden=\"true\" class=\"wp-block-spacer\"><\/div>\n\n\n\n<figure class=\"wp-block-image size-full\"><a href=\"https:\/\/schubladenerinnerungen.de\/blog\/wp-content\/uploads\/2026\/09\/Mit-dem-Boot-aufm-Neckar-01.jpg\"><img loading=\"lazy\" decoding=\"async\" width=\"2048\" height=\"720\" src=\"https:\/\/schubladenerinnerungen.de\/blog\/wp-content\/uploads\/2026\/09\/Mit-dem-Boot-aufm-Neckar-01.jpg\" alt=\"Shanni, Strack, Lars, Christine, Yvi und Dink fahren mit dem Zobel aufm Neckar\" class=\"wp-image-26736\" srcset=\"https:\/\/schubladenerinnerungen.de\/blog\/wp-content\/uploads\/2026\/09\/Mit-dem-Boot-aufm-Neckar-01.jpg 2048w, https:\/\/schubladenerinnerungen.de\/blog\/wp-content\/uploads\/2026\/09\/Mit-dem-Boot-aufm-Neckar-01-300x105.jpg 300w, https:\/\/schubladenerinnerungen.de\/blog\/wp-content\/uploads\/2026\/09\/Mit-dem-Boot-aufm-Neckar-01-768x270.jpg 768w, https:\/\/schubladenerinnerungen.de\/blog\/wp-content\/uploads\/2026\/09\/Mit-dem-Boot-aufm-Neckar-01-1536x540.jpg 1536w\" sizes=\"auto, (max-width: 2048px) 100vw, 2048px\" \/><\/a><\/figure>\n\n\n\n<div style=\"height:10px\" aria-hidden=\"true\" class=\"wp-block-spacer\"><\/div>\n\n\n\n<figure class=\"wp-block-image size-full\"><a href=\"https:\/\/schubladenerinnerungen.de\/blog\/wp-content\/uploads\/2026\/09\/6aufmBoot.jpg\"><img loading=\"lazy\" decoding=\"async\" width=\"2048\" height=\"720\" src=\"https:\/\/schubladenerinnerungen.de\/blog\/wp-content\/uploads\/2026\/09\/6aufmBoot.jpg\" alt=\"Shanni, Strack, Lars, Christine, Yvi und Dink fahren mit dem Zobel aufm Neckar\" class=\"wp-image-26758\" srcset=\"https:\/\/schubladenerinnerungen.de\/blog\/wp-content\/uploads\/2026\/09\/6aufmBoot.jpg 2048w, https:\/\/schubladenerinnerungen.de\/blog\/wp-content\/uploads\/2026\/09\/6aufmBoot-300x105.jpg 300w, https:\/\/schubladenerinnerungen.de\/blog\/wp-content\/uploads\/2026\/09\/6aufmBoot-768x270.jpg 768w, https:\/\/schubladenerinnerungen.de\/blog\/wp-content\/uploads\/2026\/09\/6aufmBoot-1536x540.jpg 1536w\" sizes=\"auto, (max-width: 2048px) 100vw, 2048px\" \/><\/a><\/figure>\n\n\n\n<div style=\"height:10px\" aria-hidden=\"true\" class=\"wp-block-spacer\"><\/div>\n\n\n\n<figure class=\"wp-block-image size-full\"><a href=\"https:\/\/schubladenerinnerungen.de\/blog\/wp-content\/uploads\/2026\/09\/Mit-dem-Boot-aufm-Neckar-02.jpg\"><img loading=\"lazy\" decoding=\"async\" width=\"2048\" height=\"720\" src=\"https:\/\/schubladenerinnerungen.de\/blog\/wp-content\/uploads\/2026\/09\/Mit-dem-Boot-aufm-Neckar-02.jpg\" alt=\"Shanni, Strack, Lars, Christine, Yvi und Dink fahren mit dem Zobel aufm Neckar\" class=\"wp-image-26737\" srcset=\"https:\/\/schubladenerinnerungen.de\/blog\/wp-content\/uploads\/2026\/09\/Mit-dem-Boot-aufm-Neckar-02.jpg 2048w, https:\/\/schubladenerinnerungen.de\/blog\/wp-content\/uploads\/2026\/09\/Mit-dem-Boot-aufm-Neckar-02-300x105.jpg 300w, https:\/\/schubladenerinnerungen.de\/blog\/wp-content\/uploads\/2026\/09\/Mit-dem-Boot-aufm-Neckar-02-768x270.jpg 768w, https:\/\/schubladenerinnerungen.de\/blog\/wp-content\/uploads\/2026\/09\/Mit-dem-Boot-aufm-Neckar-02-1536x540.jpg 1536w\" sizes=\"auto, (max-width: 2048px) 100vw, 2048px\" \/><\/a><\/figure>\n\n\n\n<div style=\"height:10px\" aria-hidden=\"true\" class=\"wp-block-spacer\"><\/div>\n\n\n\n<p class=\"wp-block-paragraph\"><strong>Shanni<\/strong>, <strong>Marco<\/strong>, <strong>Lars<\/strong>, <strong>Christine<\/strong>, <strong>Dink<\/strong> und <strong>Yvi<\/strong> waren mit dem Boot aufm Neckar unterwegs.<\/p>\n\n\n\n<div style=\"height:50px\" aria-hidden=\"true\" class=\"wp-block-spacer\"><\/div>\n\n\n\n<figure class=\"wp-block-image size-full\"><a href=\"https:\/\/schubladenerinnerungen.de\/blog\/wp-content\/uploads\/2026\/09\/2026-08-30__12-42-20.jpeg\"><img loading=\"lazy\" decoding=\"async\" width=\"2048\" height=\"1408\" src=\"https:\/\/schubladenerinnerungen.de\/blog\/wp-content\/uploads\/2026\/09\/2026-08-30__12-42-20.jpeg\" alt=\"James, der Bauernhof-Kater. Vom Bauernhof Herrmann.\" class=\"wp-image-26773\" srcset=\"https:\/\/schubladenerinnerungen.de\/blog\/wp-content\/uploads\/2026\/09\/2026-08-30__12-42-20.jpeg 2048w, https:\/\/schubladenerinnerungen.de\/blog\/wp-content\/uploads\/2026\/09\/2026-08-30__12-42-20-300x206.jpeg 300w, https:\/\/schubladenerinnerungen.de\/blog\/wp-content\/uploads\/2026\/09\/2026-08-30__12-42-20-768x528.jpeg 768w, https:\/\/schubladenerinnerungen.de\/blog\/wp-content\/uploads\/2026\/09\/2026-08-30__12-42-20-1536x1056.jpeg 1536w\" sizes=\"auto, (max-width: 2048px) 100vw, 2048px\" \/><\/a><\/figure>\n\n\n\n<div style=\"height:10px\" aria-hidden=\"true\" class=\"wp-block-spacer\"><\/div>\n\n\n\n<p class=\"wp-block-paragraph\"><strong>James <a href=\"https:\/\/www.bauernhofherrmann.de\/kontakt\/\" target=\"_blank\" data-type=\"link\" data-id=\"https:\/\/www.bauernhofherrmann.de\/kontakt\/\" rel=\"noreferrer noopener\">Herrmann<\/a><\/strong>, der Bauernhof-Kater.<\/p>\n\n\n\n<div style=\"height:50px\" aria-hidden=\"true\" class=\"wp-block-spacer\"><\/div>\n\n\n\n<figure class=\"wp-block-image size-full\"><a href=\"https:\/\/schubladenerinnerungen.de\/blog\/wp-content\/uploads\/2026\/09\/2026-08-30__14-45-33.jpeg\"><img loading=\"lazy\" decoding=\"async\" width=\"2048\" height=\"2048\" src=\"https:\/\/schubladenerinnerungen.de\/blog\/wp-content\/uploads\/2026\/09\/2026-08-30__14-45-33.jpeg\" alt=\"Lecker gef\u00fcllte Wraps.\" class=\"wp-image-26775\" srcset=\"https:\/\/schubladenerinnerungen.de\/blog\/wp-content\/uploads\/2026\/09\/2026-08-30__14-45-33.jpeg 2048w, https:\/\/schubladenerinnerungen.de\/blog\/wp-content\/uploads\/2026\/09\/2026-08-30__14-45-33-150x150.jpeg 150w, https:\/\/schubladenerinnerungen.de\/blog\/wp-content\/uploads\/2026\/09\/2026-08-30__14-45-33-300x300-1.jpeg 300w, https:\/\/schubladenerinnerungen.de\/blog\/wp-content\/uploads\/2026\/09\/2026-08-30__14-45-33-768x768.jpeg 768w, https:\/\/schubladenerinnerungen.de\/blog\/wp-content\/uploads\/2026\/09\/2026-08-30__14-45-33-1600x1600.jpeg 1600w, https:\/\/schubladenerinnerungen.de\/blog\/wp-content\/uploads\/2026\/09\/2026-08-30__14-45-33-1536x1536.jpeg 1536w, https:\/\/schubladenerinnerungen.de\/blog\/wp-content\/uploads\/2026\/09\/2026-08-30__14-45-33-60x60.jpeg 60w, https:\/\/schubladenerinnerungen.de\/blog\/wp-content\/uploads\/2026\/09\/2026-08-30__14-45-33-200x200.jpeg 200w\" sizes=\"auto, (max-width: 2048px) 100vw, 2048px\" \/><\/a><\/figure>\n\n\n\n<div style=\"height:10px\" aria-hidden=\"true\" class=\"wp-block-spacer\"><\/div>\n\n\n\n<p class=\"wp-block-paragraph\">Unfassbar leckere Wraps von <strong>Yvi<\/strong>.<\/p>\n\n\n\n<div style=\"height:50px\" aria-hidden=\"true\" class=\"wp-block-spacer\"><\/div>\n\n\n\n<figure class=\"wp-block-image size-full\"><a href=\"https:\/\/schubladenerinnerungen.de\/blog\/wp-content\/uploads\/2026\/09\/Regenbogen.jpg\"><img loading=\"lazy\" decoding=\"async\" width=\"2048\" height=\"720\" src=\"https:\/\/schubladenerinnerungen.de\/blog\/wp-content\/uploads\/2026\/09\/Regenbogen.jpg\" alt=\"Ein riesiger Regenbogen zum Monatsende.\" class=\"wp-image-26762\" srcset=\"https:\/\/schubladenerinnerungen.de\/blog\/wp-content\/uploads\/2026\/09\/Regenbogen.jpg 2048w, https:\/\/schubladenerinnerungen.de\/blog\/wp-content\/uploads\/2026\/09\/Regenbogen-300x105.jpg 300w, https:\/\/schubladenerinnerungen.de\/blog\/wp-content\/uploads\/2026\/09\/Regenbogen-768x270.jpg 768w, https:\/\/schubladenerinnerungen.de\/blog\/wp-content\/uploads\/2026\/09\/Regenbogen-1536x540.jpg 1536w\" sizes=\"auto, (max-width: 2048px) 100vw, 2048px\" \/><\/a><\/figure>\n\n\n\n<div style=\"height:10px\" aria-hidden=\"true\" class=\"wp-block-spacer\"><\/div>\n\n\n\n<p class=\"wp-block-paragraph\">Regenbogen zum Monatsende.<\/p>\n\n\n\n<div style=\"height:50px\" aria-hidden=\"true\" class=\"wp-block-spacer\"><\/div>\n\n\n\n<hr class=\"wp-block-separator has-alpha-channel-opacity is-style-dots\"\/>\n\n\n\n<div style=\"height:50px\" aria-hidden=\"true\" id=\"supermarkt\" class=\"wp-block-spacer\"><\/div>\n\n\n\n<figure class=\"wp-block-image size-full\"><a href=\"https:\/\/schubladenerinnerungen.de\/blog\/wp-content\/uploads\/2026\/09\/Supermarkt-Parkplatz-der-Zukunft-mit-Mikroklima-scaled.jpeg\"><img loading=\"lazy\" decoding=\"async\" width=\"2560\" height=\"1396\" src=\"https:\/\/schubladenerinnerungen.de\/blog\/wp-content\/uploads\/2026\/09\/Supermarkt-Parkplatz-der-Zukunft-mit-Mikroklima-scaled.jpeg\" alt=\"Der Supermarktparkplatz der Zukunft, der gut f\u00fcr Mikroklima w\u00e4re \u2013 eine Vision\" class=\"wp-image-26667\" srcset=\"https:\/\/schubladenerinnerungen.de\/blog\/wp-content\/uploads\/2026\/09\/Supermarkt-Parkplatz-der-Zukunft-mit-Mikroklima-scaled.jpeg 2560w, https:\/\/schubladenerinnerungen.de\/blog\/wp-content\/uploads\/2026\/09\/Supermarkt-Parkplatz-der-Zukunft-mit-Mikroklima-300x164.jpeg 300w, https:\/\/schubladenerinnerungen.de\/blog\/wp-content\/uploads\/2026\/09\/Supermarkt-Parkplatz-der-Zukunft-mit-Mikroklima-766x418.jpeg 766w, https:\/\/schubladenerinnerungen.de\/blog\/wp-content\/uploads\/2026\/09\/Supermarkt-Parkplatz-der-Zukunft-mit-Mikroklima-2048x1117-1.jpeg 2048w, https:\/\/schubladenerinnerungen.de\/blog\/wp-content\/uploads\/2026\/09\/Supermarkt-Parkplatz-der-Zukunft-mit-Mikroklima-1536x838.jpeg 1536w, https:\/\/schubladenerinnerungen.de\/blog\/wp-content\/uploads\/2026\/09\/Supermarkt-Parkplatz-der-Zukunft-mit-Mikroklima-750x410.jpeg 750w\" sizes=\"auto, (max-width: 2560px) 100vw, 2560px\" \/><\/a><\/figure>\n\n\n\n<div style=\"height:10px\" aria-hidden=\"true\" class=\"wp-block-spacer\"><\/div>\n\n\n\n<p class=\"wp-block-paragraph\"><strong>Noch so Gedanken wegen dem Mikroklima und Hitzef\u00f6hn&#8230;<\/strong><\/p>\n\n\n\n<p class=\"wp-block-paragraph\">Ein gew\u00f6hnlicher Supermarkt-Gro\u00dfparkplatz ist im Sommer eine Kombination aus Bratpfanne und W\u00fcstenwind. Verwandelt man diese Asphaltw\u00fcsten in ein <strong>\u00fcberdachtes, multifunktionales \u201eBiosolar-Areal\u201c<\/strong>, entstehen geniale Synergien \u2013 von der handfesten Energiewende bis zu den kleinen Freuden des Alltags.<\/p>\n\n\n\n<p class=\"wp-block-paragraph\">Hier kommt die Vision eines Supermarkt-Parkplatzes der Zukunft (klammern wir Vandalismus und sonstige Idiotien mal aus):<\/p>\n\n\n\n<h2 class=\"wp-block-heading\">1. Die Alltags-Helden: Rettung f\u00fcr Frisur, Badelatschen &amp; Tiefk\u00fchler<\/h2>\n\n\n\n<ul class=\"wp-block-list\">\n<li><strong>Keine schmelzenden Flip-Flops &amp; kochende Pfoten:<\/strong> Auf ungesch\u00fctztem Asphalt (der 65 \u00b0C bis 70 \u00b0C hei\u00df wird) sinken Weichgummisohlen fast ein, und Hunde verbrennen sich sofort die Pfotenballen. Unter dem Solardach bleibt der Boden bei handwarmen 25 \u00b0C bis 30 \u00b0C.<\/li>\n\n\n\n<li><strong>Frisuren- und Make-up-Schutz (365 Tage im Jahr):<\/strong>\n<ul class=\"wp-block-list\">\n<li><em>Im Sommer:<\/em> Man tritt nicht aus dem klimatisierten Markt in eine Wand aus 40 \u00b0C hei\u00dfer F\u00f6hnluft, die jede Frisur binnen Sekunden kollabieren l\u00e4sst.<\/li>\n\n\n\n<li><em>Im Herbst\/Winter:<\/em> Kein panischer Sprint durch Starkregen mit zerrei\u00dfenden Papiert\u00fcten, ruiniertem Haar und nassen F\u00fc\u00dfen. Man l\u00e4dt in aller Ruhe im Trockenen ein.<\/li>\n<\/ul>\n<\/li>\n\n\n\n<li><strong>Die Rettung f\u00fcr Speiseeis &amp; Schokolade:<\/strong> Im Auto herrschen keine 70 \u00b0C Backofentemperatur mehr. Das Schokoeis und die Tiefk\u00fchlkr\u00e4uter \u00fcberleben den Transport nach Hause tats\u00e4chlich im gefrorenen Zustand, statt schon auf den ersten zwei Kilometern zu Suppe zu mutieren.<\/li>\n\n\n\n<li><strong>Kein \u201eLenkrad-Branding\u201c:<\/strong> Kein Fahren mit zwei Fingerspitzen, weil das Lenkrad gl\u00fcht, und keine Verbrennungen an metallischen Gurtschnallen beim Anschnallen der Kinder.<\/li>\n\n\n\n<li><strong>Boden der Zukunft: Offen statt versiegelt:<\/strong> Ein nachhaltiger Parkplatz verzichtet auf durchgehenden Asphalt. Stattdessen kommen versickerungsoffene Bel\u00e4ge wie Rasengittersteine oder spezielle Porenpflaster zum Einsatz. Das k\u00fchlt zus\u00e4tzlich durch Verdunstung, schont das Grundwasser und schafft \u2013 da diese Fl\u00e4chen Pflege brauchen \u2013 neue, gr\u00fcne Arbeitspl\u00e4tze direkt vor Ort. In angenehmem Mikroklima.<\/li>\n<\/ul>\n\n\n\n<h2 class=\"wp-block-heading\">2. Die gr\u00fcne Oase: Hochbeete, Naschhecken &amp; Schwammstadt<\/h2>\n\n\n\n<p class=\"wp-block-paragraph\">Statt toter Begrenzungsstreifen aus Schotter werden die Zwischenr\u00e4ume und St\u00fctzpfeiler der Carports aktiv bepflanzt:<\/p>\n\n\n\n<ul class=\"wp-block-list\">\n<li><strong>Hochbeete &amp; Naschg\u00e4rten zwischen den Parkreihen:<\/strong> An den Pfeilern wachsen vertikale Kletterpflanzen (Hopfen, Wilder Wein, Spalierobst). Dazwischen stehen Hochbeete mit Rosmarin, Lavendel oder Minze. Der Parkplatz riecht nicht mehr nach hei\u00dfem Teer und Benzin, sondern nach Kr\u00e4utergarten. Und vielleicht ist der Parkplatz zus\u00e4tzlich von B\u00e4umen ums\u00e4umt? Oder es stehen vereinzelt welche dazwischen? Wie auf diesen fabulierten Architekten-Renderings. Nur dann in echt. Lebende Details f\u00fcrs Mikroklima.<\/li>\n\n\n\n<li><strong>Der \u201eSupermarkt-Gemeinschaftsgarten\u201c:<\/strong> Lokale Kitas, Schulen oder Nachbarschaftsinitiativen k\u00f6nnen die Hochbeete pflegen \u2013 oder der Markt verkauft die dort geernteten Kr\u00e4uter als \u201eUltralokal vom Parkplatz\u201c.<\/li>\n\n\n\n<li><strong>Wasser marsch \u2013 die Schwammstadt:<\/strong> Die riesigen Solard\u00e4cher leiten das Regenwasser nicht in die Kanalisation, sondern in unterirdische Zisternen. Damit werden die Hochbeete automatisch tr\u00f6pfchenbew\u00e4ssert, und der Supermarkt nutzt das Wasser f\u00fcr die Toilettensp\u00fclung oder eine regengesch\u00fctzte Autowaschanlage.<\/li>\n<\/ul>\n\n\n\n<h2 class=\"wp-block-heading\">3. Die perfekte Energie-Symbiose f\u00fcr den Supermarkt<\/h2>\n\n\n\n<ul class=\"wp-block-list\">\n<li><strong>Das 1:1-Match bei der K\u00fchlung:<\/strong> Superm\u00e4rkte haben ihren h\u00f6chsten Stromverbrauch genau dann, wenn drau\u00dfen die Sonne brennt (K\u00fchlregale, Tiefk\u00fchlung, Raumklimatisierung). Das Parkplatz-Solardach liefert genau in diesen Spitzenzeiten gewaltige Mengen g\u00fcnstigen Strom. Direkt vom Parkplatz ins Geb\u00e4ude.<\/li>\n\n\n\n<li><strong>Laden w\u00e4hrend des Einkaufs:<\/strong> An jedem zweiten Pfeiler sitzt eine Lades\u00e4ule. Kunden laden ihr E-Auto mit echtem, direkt auf dem Parkplatz erzeugtem Solarstrom auf, w\u00e4hrend sie 30 &#8211; 45 Minuten ihren Wocheneinkauf erledigen.<\/li>\n<\/ul>\n\n\n\n<h2 class=\"wp-block-heading\">4. Multi-Use: Vom toten Parkplatz zum lebendigen Platz<\/h2>\n\n\n\n<p class=\"wp-block-paragraph\">Ein \u00fcberdachter, schattiger und begr\u00fcnter Gro\u00dfparkplatz ist an Sonntagen oder nach Ladenschluss viel zu schade, um leer zu stehen:<\/p>\n\n\n\n<ul class=\"wp-block-list\">\n<li><strong>Wetterunabh\u00e4ngige Wochen- &amp; Flohm\u00e4rkte:<\/strong> Perfekt gesch\u00fctzt vor praller Sonne oder Nieselregen.<\/li>\n\n\n\n<li><strong>Sicherer Mikro-Mobilit\u00e4ts-Hub:<\/strong> Beleuchtete, trockene Stellpl\u00e4tze f\u00fcr Lastenr\u00e4der, E-Bike-Leihstationen und Paketstationen (DHL, Amazon etc.) direkt am Carport.<\/li>\n\n\n\n<li><strong>Angenehmes Sicherheitsgef\u00fchl:<\/strong> Moderne Carports verf\u00fcgen \u00fcber integrierte, blendfreie LED-Beleuchtung und Kameras. Dunkle, gruselige Parkplatz-Ecken am Winterabend geh\u00f6ren der Vergangenheit an.<\/li>\n<\/ul>\n\n\n\n<blockquote class=\"wp-block-quote is-layout-flow wp-block-quote-is-layout-flow\">\n<p class=\"wp-block-paragraph\"><strong>Fazit:<\/strong> Ein \u00fcberdachter Supermarkt-Parkplatz mit Solarmodulen und Hochbeeten verwandelt eine st\u00e4dtische Hitze- und Asphalt-W\u00fcste in ein klimapositives Kraftwerk, eine gr\u00fcne Oase und ein echtes Komfort-Upgrade f\u00fcr jeden einzelnen Kunden und das Mikroklima.<\/p>\n<\/blockquote>\n\n\n\n<p class=\"wp-block-paragraph\">Wir m\u00fcssen vor allem weg von dem Gedanken, dass B\u00e4ume b\u00f6se sind, da darin V\u00f6gel sitzen, die das darunter geparkte Auto vollkacken. Oder der Bl\u00fctenstaub oder sonstige Losl\u00f6sungen aus dem Baum das Auto verdrecken. Autos retten einen vielleicht beim Bankraub.<\/p>\n\n\n\n<p class=\"wp-block-paragraph\">Hier noch f\u00fcnf Optionen, was unterschiedliche Bepflanzungen auf einer Fl\u00e4che, die einem <strong>Fu\u00dfballfeld (ca. 0,7 Hektar \/ 7.140 m\u00b2)<\/strong> entspricht, bewirken k\u00f6nnen:<\/p>\n\n\n\n<h3 class=\"wp-block-heading\"><strong>CO\u2082-Klimabilanz im direkten Vergleich<\/strong><\/h3>\n\n\n\n<figure class=\"wp-block-table is-style-stripes\"><table  class=\"has-fixed-layout table table-hover\" ><thead><tr><th>Kulturart<\/th><th>Tempor\u00e4re CO\u2082-Aufnahme im Wachstum<\/th><th>Dauerhafte CO\u2082-Speicherung pro Fu\u00dfballfeld \/ Jahr<\/th><th>Dauerhaftigkeit der Speicherung<\/th><\/tr><\/thead><tbody><tr><td><strong>Wald<\/strong> (Mitteleuropa)<\/td><td>Hoch (~8.000 kg)<\/td><td><strong>ca. 7.000 bis 9.000 kg<\/strong><\/td><td><strong>Sehr hoch<\/strong> (Jahrzehnte bis Jahrhunderte im Holz gebunden)<\/td><\/tr><tr><td><strong>Nutzhanf<\/strong><\/td><td>Extrem hoch (~10.000 kg)<\/td><td><strong>ca. 3.000 bis 6.000 kg<\/strong> <em>(als Baustoff)<\/em><\/td><td><strong>Hoch bis niedrig<\/strong> (H\u00e4ngt komplett von der Verwertung ab)<\/td><\/tr><tr><td><strong>Weinberg<\/strong><\/td><td>Mittel (~2.500 kg)<\/td><td><strong>ca. 1.400 bis 2.100 kg<\/strong><\/td><td><strong>Mittel<\/strong> (Reben leben lang; Fahrgassenbegr\u00fcnung entscheidend)<\/td><\/tr><tr><td><strong>Hopfenfeld<\/strong><\/td><td>Hoch (~4.000 kg)<\/td><td><strong>ca. 700 bis 1.050 kg<\/strong><\/td><td><strong>Niedrig<\/strong> (Stirbt oberirdisch j\u00e4hrlich komplett ab)<\/td><\/tr><tr><td><strong>Weizenfeld<\/strong><\/td><td>Mittel (~3.000 kg)<\/td><td><strong>ca. 0 kg<\/strong> (Netto-Null \/ CO\u2082-Quelle)<\/td><td><strong>Keine<\/strong> (Vollst\u00e4ndiger Abbau im selben Jahr)<\/td><\/tr><\/tbody><\/table><\/figure>\n\n\n\n<div style=\"height:15px\" aria-hidden=\"true\" class=\"wp-block-spacer\"><\/div>\n\n\n\n<h3 class=\"wp-block-heading\"><strong>Die Optionen f\u00fcrs Mikroklima im Kurzportr\u00e4t<\/strong><\/h3>\n\n\n\n<ul class=\"wp-block-list\">\n<li><strong>Wald:<\/strong> Der unangefochtene Champion. B\u00e4ume schichten Biomasse dreidimensional \u00fcber Jahrzehnte auf, und der Waldboden bildet ungest\u00f6rt m\u00e4chtige Humusschichten, ohne jemals gepfl\u00fcgt zu werden.<\/li>\n\n\n\n<li><strong>Nutzhanf:<\/strong> Der Einjahres-Rekordhalter. Er w\u00e4chst in nur vier Monaten bis zu vier Meter hoch, ben\u00f6tigt kaum Pflanzenschutz und wurzelt tief. Wird er zu langlebigen Baustoffen (z. B. Hanfkalk, D\u00e4mmung) verarbeitet, schl\u00e4gt er auf Jahressicht sogar den Weinberg.<\/li>\n\n\n\n<li><strong>Weinberg:<\/strong> Solide Dauerkultur. Die Rebst\u00f6cke bleiben 30 bis 50 Jahre stehen. Da das Schnittgut meist schnell verrottet, steckt \u00fcber 75 % des dauerhaft gebundenen CO\u2082 im Boden \u2013 daher sind begr\u00fcnte Fahrgassen und Humusaufbau der Schl\u00fcssel.<\/li>\n\n\n\n<li><strong>Hopfen:<\/strong> Der Spurt-Verlierer. Zwar w\u00e4chst er im Sommer rasant bis zu 7 Meter hoch, wird bei der Ernte aber komplett bodennah abgeschnitten. Die Pflanzenreste verrotten rasch, wodurch fast das gesamte CO\u2082 wieder entweicht.<\/li>\n\n\n\n<li><strong>Weizen:<\/strong> Das Nullsummenspiel. Die kurzzeitige CO\u2082-Bindung wird durch Ernte, Strohverwertung, Neuaussaat und intensive Bodenbearbeitung im selben Jahr wieder vollst\u00e4ndig neutralisiert.<\/li>\n<\/ul>\n\n\n\n<p class=\"wp-block-paragraph\">F\u00fcr den maximalen, dauerhaften Klimaschutz f\u00fchrt kein Weg am <strong>Wald<\/strong> (also viele B\u00e4ume auf einem Haufen) vorbei. Unter den landwirtschaftlichen Nutzpflanzen ist <strong>Nutzhanf<\/strong> die st\u00e4rkste Waffe (sofern er in langlebigen Baustoffen landet), gefolgt vom <strong>Weinberg<\/strong> mit begr\u00fcnter Bodenpflege. <strong>Hopfen<\/strong> und <strong>Weizen<\/strong> spielen f\u00fcr eine dauerhafte CO\u2082-Bindung praktisch keine Rolle.<\/p>\n\n\n\n<p class=\"wp-block-paragraph\">Ein funktionierender Mischwald k\u00f6nnte aus einer artengemischten Struktur bestehen: Rotbuche (das R\u00fcckgrat), Eichenarten, Edellaubh\u00f6lzer, Fichte und Kiefer, Wei\u00dftanne, &#8230; aber das ist nochmal ein anderes Thema.<\/p>\n\n\n\n<div style=\"height:15px\" aria-hidden=\"true\" class=\"wp-block-spacer\"><\/div>\n\n\n\n<p class=\"wp-block-paragraph\"><strong>Und \u00fcbrigens: Warum Hanf auch nach der Ernte dem Mikroklima n\u00fctzt<\/strong><\/p>\n\n\n\n<p class=\"wp-block-paragraph\">W\u00e4hrend die Pflanze auf dem Feld Hitze d\u00e4mpft und Feuchtigkeit spendet, setzt sich ihr Klima-Effekt auf der Baustelle nahtlos fort:<\/p>\n\n\n\n<p class=\"wp-block-paragraph\">Aus dem Jahresertrag von nur einem Fu\u00dfballfeld Nutzhanf lassen sich rund <strong>40 Kubikmeter Hanfkalk<\/strong> herstellen \u2013 genug, um die Au\u00dfenw\u00e4nde eines kleinen Einfamilienhauses komplett zu d\u00e4mmen. Das Entscheidende dabei: W\u00e4hrend konventioneller Beton f\u00fcr dieses Volumen rund <strong>12 Tonnen CO<sub>2<\/sub><\/strong> in die Atmosph\u00e4re bl\u00e4st, schlie\u00dft die Hanfwand \u00fcber <strong>4 Tonnen CO<sub>2<\/sub><\/strong> dauerhaft ein.<\/p>\n\n\n\n<p class=\"wp-block-paragraph\">Statt einer weiteren CO<sub>2<\/sub>-Schleuder schaffen wir damit eine echte Kohlenstoffsenke \u2013 und ganz nebenbei ein diffusionsoffenes, nat\u00fcrlich reguliertes Raumklima, das im Sommer k\u00fchlt und Schimmel keine Chance l\u00e4sst. Bauen mit Pflanzen statt mit Zement ist aktiver Klimaschutz, der vom Acker direkt in die Wand wandert.<\/p>\n\n\n\n<p class=\"wp-block-paragraph\">Aber auch das w\u00e4re ausf\u00fchrlicher mal ein weiteres Thema.<\/p>\n\n\n\n<div style=\"height:50px\" aria-hidden=\"true\" class=\"wp-block-spacer\"><\/div>\n\n\n\n<hr class=\"wp-block-separator has-alpha-channel-opacity is-style-dots\"\/>\n\n\n\n<div style=\"height:50px\" aria-hidden=\"true\" id=\"mikropuschels\" class=\"wp-block-spacer\"><\/div>\n\n\n\n<figure class=\"wp-block-image size-full\"><img loading=\"lazy\" decoding=\"async\" width=\"952\" height=\"960\" src=\"https:\/\/schubladenerinnerungen.de\/blog\/wp-content\/uploads\/2026\/09\/Mikropuschels.png\" alt=\"Content-Creator und Influencer, die die Technik verkennen, und nervend mit den Mikros vor ihren Gesichtern herumfuchteln.\" class=\"wp-image-26606\" srcset=\"https:\/\/schubladenerinnerungen.de\/blog\/wp-content\/uploads\/2026\/09\/Mikropuschels.png 952w, https:\/\/schubladenerinnerungen.de\/blog\/wp-content\/uploads\/2026\/09\/Mikropuschels-298x300.png 298w, https:\/\/schubladenerinnerungen.de\/blog\/wp-content\/uploads\/2026\/09\/Mikropuschels-150x150.png 150w, https:\/\/schubladenerinnerungen.de\/blog\/wp-content\/uploads\/2026\/09\/Mikropuschels-768x774.png 768w, https:\/\/schubladenerinnerungen.de\/blog\/wp-content\/uploads\/2026\/09\/Mikropuschels-60x60.png 60w\" sizes=\"auto, (max-width: 952px) 100vw, 952px\" \/><\/figure>\n\n\n\n<div style=\"height:10px\" aria-hidden=\"true\" class=\"wp-block-spacer\"><\/div>\n\n\n\n<p class=\"wp-block-paragraph\">Liebe Content-Creator und Influencer \u2013 weiblich wie m\u00e4nnlich. Hier eine kurze Anmerkung am Rande: Das l\u00e4stige Herumwedeln mit dem Mikrofon ist dank moderner Mikrofone eigentlich \u00fcberfl\u00fcssig geworden.<\/p>\n\n\n\n<p class=\"wp-block-paragraph\">Du kannst diese Pompons an einem T-Shirt, am Hemdkragen, am Tr\u00e4ger einer Bluse oder sogar an deinem kleinen Zeh befestigen \u2013 mit den richtigen Einstellungen funktioniert alles.<\/p>\n\n\n\n<div style=\"height:75px\" aria-hidden=\"true\" class=\"wp-block-spacer\"><\/div>\n\n\n\n<hr class=\"wp-block-separator has-alpha-channel-opacity is-style-dots\"\/>\n\n\n\n<div style=\"height:75px\" aria-hidden=\"true\" id=\"mikroklima-radius\" class=\"wp-block-spacer\"><\/div>\n\n\n\n<h2 class=\"wp-block-heading\">Auf der Suche nach dem Mikroklima<\/h2>\n\n\n\n<div style=\"height:15px\" aria-hidden=\"true\" class=\"wp-block-spacer\"><\/div>\n\n\n\n<figure class=\"wp-block-image size-full\"><a href=\"https:\/\/schubladenerinnerungen.de\/blog\/wp-content\/uploads\/2026\/09\/August-2026.jpg\"><img loading=\"lazy\" decoding=\"async\" width=\"1860\" height=\"881\" src=\"https:\/\/schubladenerinnerungen.de\/blog\/wp-content\/uploads\/2026\/09\/August-2026.jpg\" alt=\"Der Radius im August 2026 \u2013 Auf der Suche nach dem Mikroklima\" class=\"wp-image-26764\" srcset=\"https:\/\/schubladenerinnerungen.de\/blog\/wp-content\/uploads\/2026\/09\/August-2026.jpg 1860w, https:\/\/schubladenerinnerungen.de\/blog\/wp-content\/uploads\/2026\/09\/August-2026-300x142.jpg 300w, https:\/\/schubladenerinnerungen.de\/blog\/wp-content\/uploads\/2026\/09\/August-2026-766x363.jpg 766w, https:\/\/schubladenerinnerungen.de\/blog\/wp-content\/uploads\/2026\/09\/August-2026-1536x728.jpg 1536w\" sizes=\"auto, (max-width: 1860px) 100vw, 1860px\" \/><\/a><\/figure>\n\n\n\n<div style=\"height:10px\" aria-hidden=\"true\" class=\"wp-block-spacer\"><\/div>\n\n\n\n<p class=\"wp-block-paragraph\">August: 1.391 km Weite, 11.619 m H\u00f6he, 63 Stunden, 78 Touren.<\/p>\n\n\n\n<div style=\"height:100px\" aria-hidden=\"true\" class=\"wp-block-spacer\"><\/div>\n","protected":false},"excerpt":{"rendered":"<p>Wir reden oft \u00fcber das gro\u00dfe Ganze beim Wetter, aber das Mikroklima entscheidet direkt vor unserer Haust\u00fcr \u00fcber Wohlbefinden und Lebensqualit\u00e4t. Ob schattenspendende B\u00e4ume, ein bepflanzter Balkon oder feuchter Boden nach dem Regen: Es sind genau diese kleinen, lokalen Oasen, die Hitzeinseln brechen, Feuchtigkeit speichern und daf\u00fcr sorgen, dass wir im Sommer \u00fcberhaupt noch durchatmen [&hellip;]<\/p>\n","protected":false},"author":1,"featured_media":26543,"comment_status":"open","ping_status":"open","sticky":false,"template":"","format":"standard","meta":{"ngg_post_thumbnail":0,"pgc_sgb_lightbox_settings":"","activitypub_content_warning":"","activitypub_content_visibility":"","activitypub_max_image_attachments":3,"activitypub_interaction_policy_quote":"anyone","activitypub_status":"federated","footnotes":"","_share_on_mastodon":"0"},"categories":[3],"tags":[76,3544,4494,204,1020,4495],"class_list":["post-26385","post","type-post","status-publish","format-standard","has-post-thumbnail","hentry","category-bilder","tag-baeume","tag-heiss-2","tag-mikroklima","tag-regen","tag-sommer","tag-trockenheit"],"share_on_mastodon":{"url":"https:\/\/mastodon.social\/@Dadanaut\/117193665044624194","error":""},"featured_image_src":"https:\/\/schubladenerinnerungen.de\/blog\/wp-content\/uploads\/2026\/08\/Mikroklima-scaled.jpeg","author_info":{"display_name":"Dinkster","author_link":"https:\/\/schubladenerinnerungen.de\/blog\/author\/dinkster\/"},"_links":{"self":[{"href":"https:\/\/schubladenerinnerungen.de\/blog\/wp-json\/wp\/v2\/posts\/26385","targetHints":{"allow":["GET"]}}],"collection":[{"href":"https:\/\/schubladenerinnerungen.de\/blog\/wp-json\/wp\/v2\/posts"}],"about":[{"href":"https:\/\/schubladenerinnerungen.de\/blog\/wp-json\/wp\/v2\/types\/post"}],"author":[{"embeddable":true,"href":"https:\/\/schubladenerinnerungen.de\/blog\/wp-json\/wp\/v2\/users\/1"}],"replies":[{"embeddable":true,"href":"https:\/\/schubladenerinnerungen.de\/blog\/wp-json\/wp\/v2\/comments?post=26385"}],"version-history":[{"count":131,"href":"https:\/\/schubladenerinnerungen.de\/blog\/wp-json\/wp\/v2\/posts\/26385\/revisions"}],"predecessor-version":[{"id":26784,"href":"https:\/\/schubladenerinnerungen.de\/blog\/wp-json\/wp\/v2\/posts\/26385\/revisions\/26784"}],"wp:featuredmedia":[{"embeddable":true,"href":"https:\/\/schubladenerinnerungen.de\/blog\/wp-json\/wp\/v2\/media\/26543"}],"wp:attachment":[{"href":"https:\/\/schubladenerinnerungen.de\/blog\/wp-json\/wp\/v2\/media?parent=26385"}],"wp:term":[{"taxonomy":"category","embeddable":true,"href":"https:\/\/schubladenerinnerungen.de\/blog\/wp-json\/wp\/v2\/categories?post=26385"},{"taxonomy":"post_tag","embeddable":true,"href":"https:\/\/schubladenerinnerungen.de\/blog\/wp-json\/wp\/v2\/tags?post=26385"}],"curies":[{"name":"wp","href":"https:\/\/api.w.org\/{rel}","templated":true}]}}